{"id":155515,"date":"2010-11-05T15:29:01","date_gmt":"2010-11-05T15:29:01","guid":{"rendered":"http:\/\/diariodominicano.ddns.net\/?p=155515"},"modified":"2010-11-05T15:29:01","modified_gmt":"2010-11-05T15:29:01","slug":"lluvias-de-tomas-similares-a-las-de-la-tormenta-olga","status":"publish","type":"post","link":"https:\/\/diariodominicano.com\/?p=155515","title":{"rendered":"Lluvias de Tomas  similares a las de la tormenta Olga"},"content":{"rendered":"<p><body><\/p>\n<\/p>\n<p><span class=\"text1noticias\">Santo Domingo, RD, 05 nov 2010.-   La directora de la Oficina Nacional de Meteorolog\u00eda -ONAMET.- inform\u00f3 este viernes que el acumulado de lluvias vinculadas al hurac\u00e1n Tomas ser\u00e1 similar al de la tormenta Olga que afect\u00f3 a la Rep\u00fablica Dominicana en diciembre del 2007.<\/span><\/p>\n<\/p>\n<p><span class=\"text1noticias\">Gloria Ceballos,  dijo que en el Suroeste y Noroeste se esperan valores de lluvias acumulados asociados a Tomas que pueden exceder los 250 mil\u00edmetros.<\/span><\/p>\n<\/p>\n<p><span class=\"text1noticias\">Asimismo, explic\u00f3 que en 24 horas se esperan valores de lluvias que pueden estar comprendidos entre 50 y 100 mil\u00edmetros.<\/span><\/p>\n<\/p>\n<p><span class=\"text1noticias\">Para el \u00e1rea de Santo Domingo, Ceballos indic\u00f3 que las bandas de lluvias que est\u00e1n penetrando y que continuar\u00e1n por el d\u00eda de hoy y ma\u00f1ana podr\u00edan acumular valores de lluvias que sobrepasen los 100 mil\u00edmetros, lo que generar\u00e1 inundaciones urbanas.<\/span><\/p>\n<\/p>\n<p><span class=\"text1noticias\">Desplazamiento de Tomas<\/span><\/p>\n<p><span class=\"text1noticias\">La directora de Onamet inform\u00f3 que Tomas tiene vientos m\u00e1ximos sostenidos de 135 kil\u00f3metros con r\u00e1fagas superiores y se desplaza a unos 16 kil\u00f3metros por hora hacia el Noreste. Se espera que mantenga este desplazamiento en la pr\u00f3ximas 24 a 48 horas.<\/span><\/p>\n<\/p>\n<p><span class=\"text1noticias\">Las bandas lluviosas asociadas a Tomas se mueven desde el Mar Caribe, donde lluvias muy intensas afectar\u00e1n el suroeste del pa\u00eds, seg\u00fan dijo Ceballos al hablar a trav\u00e9s del programa El Gobierno de la Ma\u00f1ana.<\/span><\/p>\n<\/p>\n<p><span class=\"text1noticias\">En ese sentido, La Onamet recomienda a los conductores mantener las luces encendidas durante la ocurrencia de aguaceros y manejar con precauci\u00f3n ante posibles inundaciones urbanas.<\/span><\/p>\n<h6> 2010-11-05 15:29:01 <\/h6>\n<p><!--\n<link rel=\"stylesheet\" href=\"css\/bootstrap.min.css\">\n\n\n<ul class=\"pagination\">\n\t    \n\t\n\n<li >\n\t<a href='?page_no=30682'>Previous<\/a>\n\t<\/li>\n\n\n       \n    \n\n<li><a href='?page_no=1'>1<\/a><\/li>\n\n\n\n<li><a href='?page_no=2'>2<\/a><\/li>\n\n\n\n<li><a>...<\/a><\/li>\n\n\n\n<li><a href='?page_no=30681'>30681<\/a><\/li>\n\n\n\n<li><a href='?page_no=30682'>30682<\/a><\/li>\n\n\n\n<li class='active'><a>30683<\/a><\/li>\n\n\n\n<li><a href='?page_no=30684'>30684<\/a><\/li>\n\n\n\n<li><a href='?page_no=30685'>30685<\/a><\/li>\n\n\n\n<li><a>...<\/a><\/li>\n\n\n\n<li><a href='?page_no=31963'>31963<\/a><\/li>\n\n\n\n<li><a href='?page_no=31964'>31964<\/a><\/li>\n\n    \n\t\n\n<li >\n\t<a href='?page_no=30684'>Next<\/a>\n\t<\/li>\n\n\n    \n\n<li><a href='?page_no=31964'>Last &rsaquo;&rsaquo;<\/a><\/li>\n\n<\/ul>\n\n\n--><br \/>\n<\/body><\/p>\n","protected":false},"excerpt":{"rendered":"<p>Santo Domingo, RD, 05 nov 2010.- La directora de la Oficina Nacional de Meteorolog\u00eda -ONAMET.- inform\u00f3 este viernes que el acumulado de lluvias vinculadas al hurac\u00e1n Tomas ser\u00e1 similar al de la tormenta Olga que afect\u00f3 a la Rep\u00fablica Dominicana en diciembre del 2007. Gloria Ceballos, dijo que en el Suroeste y Noroeste se esperan [&hellip;]<\/p>\n","protected":false},"author":3,"featured_media":0,"comment_status":"open","ping_status":"open","sticky":false,"template":"","format":"standard","meta":{"footnotes":""},"categories":[24],"tags":[],"class_list":["post-155515","post","type-post","status-publish","format-standard","hentry","category-justicia-y-derecho"],"_links":{"self":[{"href":"https:\/\/diariodominicano.com\/index.php?rest_route=\/wp\/v2\/posts\/155515","targetHints":{"allow":["GET"]}}],"collection":[{"href":"https:\/\/diariodominicano.com\/index.php?rest_route=\/wp\/v2\/posts"}],"about":[{"href":"https:\/\/diariodominicano.com\/index.php?rest_route=\/wp\/v2\/types\/post"}],"author":[{"embeddable":true,"href":"https:\/\/diariodominicano.com\/index.php?rest_route=\/wp\/v2\/users\/3"}],"replies":[{"embeddable":true,"href":"https:\/\/diariodominicano.com\/index.php?rest_route=%2Fwp%2Fv2%2Fcomments&post=155515"}],"version-history":[{"count":0,"href":"https:\/\/diariodominicano.com\/index.php?rest_route=\/wp\/v2\/posts\/155515\/revisions"}],"wp:attachment":[{"href":"https:\/\/diariodominicano.com\/index.php?rest_route=%2Fwp%2Fv2%2Fmedia&parent=155515"}],"wp:term":[{"taxonomy":"category","embeddable":true,"href":"https:\/\/diariodominicano.com\/index.php?rest_route=%2Fwp%2Fv2%2Fcategories&post=155515"},{"taxonomy":"post_tag","embeddable":true,"href":"https:\/\/diariodominicano.com\/index.php?rest_route=%2Fwp%2Fv2%2Ftags&post=155515"}],"curies":[{"name":"wp","href":"https:\/\/api.w.org\/{rel}","templated":true}]}}