{"id":155514,"date":"2010-11-05T15:33:46","date_gmt":"2010-11-05T15:33:46","guid":{"rendered":"http:\/\/diariodominicano.ddns.net\/?p=155514"},"modified":"2010-11-05T15:33:46","modified_gmt":"2010-11-05T15:33:46","slug":"cancelan-cuatro-vuelos-entre-la-republica-dominicana-y-haiti-por-tomas","status":"publish","type":"post","link":"https:\/\/diariodominicano.com\/?p=155514","title":{"rendered":"Cancelan cuatro vuelos entre la Rep\u00fablica Dominicana y Hait\u00ed por \u00abTomas\u00bb"},"content":{"rendered":"<p><body><\/p>\n<p><img decoding=\"async\" src=\"http:\/\/localhost:8080\/justiciayderecho\/img3\/Veulos RD-Haiti.jpg\" \/>  <\/p>\n<p><span class=\"text1noticias\">Santo Domingo, RD, 05 nov 2010.- Cuatro vuelos entre la Rep\u00fablica Dominicana y Hait\u00ed previstos para este viernes fueron cancelados por el hurac\u00e1n \u00abTomas\u00bb, el cual alcanz\u00f3 categor\u00eda uno y est\u00e1 azotando para del vecino pa\u00eds.<\/span><\/p>\n<p><span class=\"text1noticias\"> <\/span><\/p>\n<p><span class=\"text1noticias\">Los cuatro vuelos pertenecen a Aerol\u00edneas MAS, dijo Yolanda Ma\u00f1\u00e1n, portavoz de Aeropuertos Dominicanos, que gestiona seis aeropuertos del pa\u00eds.<\/span><\/p>\n<p><span class=\"text1noticias\"> <\/span><\/p>\n<p><span class=\"text1noticias\">El centro de la tormenta \u00abTomas\u00bb se halla a 185 kil\u00f3metros al sur-sureste de Kingston (Jamaica) y a 475 kil\u00f3metros al oeste-suroeste de Puerto Pr\u00edncipe (Hait\u00ed), en la latitud 16,4 grados norte y longitud 76,2 grados oeste, inform\u00f3 el Centro Nacional de Huracanes (CNH) de EE.UU. en su bolet\u00edn de las 18.00 GMT.<\/span><\/p>\n<p><span class=\"text1noticias\"> <\/span><\/p>\n<p><span class=\"text1noticias\">En Hait\u00ed, en donde se ha declarado una alerta por hurac\u00e1n para todo el pa\u00eds, las autoridades empezaron  la evacuaci\u00f3n masiva de los campamentos donde habitan cerca de 1,3 millones de damnificados del sismo de enero pasado, ante la tormenta.<\/span><\/p>\n<h6> 2010-11-05 15:33:46 <\/h6>\n<p><!--\n<link rel=\"stylesheet\" href=\"css\/bootstrap.min.css\">\n\n\n<ul class=\"pagination\">\n\t    \n\t\n\n<li >\n\t<a href='?page_no=30681'>Previous<\/a>\n\t<\/li>\n\n\n       \n    \n\n<li><a href='?page_no=1'>1<\/a><\/li>\n\n\n\n<li><a href='?page_no=2'>2<\/a><\/li>\n\n\n\n<li><a>...<\/a><\/li>\n\n\n\n<li><a href='?page_no=30680'>30680<\/a><\/li>\n\n\n\n<li><a href='?page_no=30681'>30681<\/a><\/li>\n\n\n\n<li class='active'><a>30682<\/a><\/li>\n\n\n\n<li><a href='?page_no=30683'>30683<\/a><\/li>\n\n\n\n<li><a href='?page_no=30684'>30684<\/a><\/li>\n\n\n\n<li><a>...<\/a><\/li>\n\n\n\n<li><a href='?page_no=31963'>31963<\/a><\/li>\n\n\n\n<li><a href='?page_no=31964'>31964<\/a><\/li>\n\n    \n\t\n\n<li >\n\t<a href='?page_no=30683'>Next<\/a>\n\t<\/li>\n\n\n    \n\n<li><a href='?page_no=31964'>Last &rsaquo;&rsaquo;<\/a><\/li>\n\n<\/ul>\n\n\n--><br \/>\n<\/body><\/p>\n","protected":false},"excerpt":{"rendered":"<p>Santo Domingo, RD, 05 nov 2010.- Cuatro vuelos entre la Rep\u00fablica Dominicana y Hait\u00ed previstos para este viernes fueron cancelados por el hurac\u00e1n \u00abTomas\u00bb, el cual alcanz\u00f3 categor\u00eda uno y est\u00e1 azotando para del vecino pa\u00eds. Los cuatro vuelos pertenecen a Aerol\u00edneas MAS, dijo Yolanda Ma\u00f1\u00e1n, portavoz de Aeropuertos Dominicanos, que gestiona seis aeropuertos del [&hellip;]<\/p>\n","protected":false},"author":3,"featured_media":0,"comment_status":"open","ping_status":"open","sticky":false,"template":"","format":"standard","meta":{"footnotes":""},"categories":[24],"tags":[],"class_list":["post-155514","post","type-post","status-publish","format-standard","hentry","category-justicia-y-derecho"],"_links":{"self":[{"href":"https:\/\/diariodominicano.com\/index.php?rest_route=\/wp\/v2\/posts\/155514","targetHints":{"allow":["GET"]}}],"collection":[{"href":"https:\/\/diariodominicano.com\/index.php?rest_route=\/wp\/v2\/posts"}],"about":[{"href":"https:\/\/diariodominicano.com\/index.php?rest_route=\/wp\/v2\/types\/post"}],"author":[{"embeddable":true,"href":"https:\/\/diariodominicano.com\/index.php?rest_route=\/wp\/v2\/users\/3"}],"replies":[{"embeddable":true,"href":"https:\/\/diariodominicano.com\/index.php?rest_route=%2Fwp%2Fv2%2Fcomments&post=155514"}],"version-history":[{"count":0,"href":"https:\/\/diariodominicano.com\/index.php?rest_route=\/wp\/v2\/posts\/155514\/revisions"}],"wp:attachment":[{"href":"https:\/\/diariodominicano.com\/index.php?rest_route=%2Fwp%2Fv2%2Fmedia&parent=155514"}],"wp:term":[{"taxonomy":"category","embeddable":true,"href":"https:\/\/diariodominicano.com\/index.php?rest_route=%2Fwp%2Fv2%2Fcategories&post=155514"},{"taxonomy":"post_tag","embeddable":true,"href":"https:\/\/diariodominicano.com\/index.php?rest_route=%2Fwp%2Fv2%2Ftags&post=155514"}],"curies":[{"name":"wp","href":"https:\/\/api.w.org\/{rel}","templated":true}]}}