{"id":155513,"date":"2010-11-05T16:14:51","date_gmt":"2010-11-05T16:14:51","guid":{"rendered":"http:\/\/diariodominicano.ddns.net\/?p=155513"},"modified":"2010-11-05T16:14:51","modified_gmt":"2010-11-05T16:14:51","slug":"se-derrumba-puente-entre-neyba-colonia-mixta-de-duverge","status":"publish","type":"post","link":"https:\/\/diariodominicano.com\/?p=155513","title":{"rendered":"&#13; &#13; Se derrumba puente entre Neyba-Colonia Mixta de Duverg\u00e9"},"content":{"rendered":"<p><body><\/p>\n<p><img decoding=\"async\" src=\"img3\/puente.jpg\" \/>  <\/p>\n<p><strong><span class=\"text1noticias\"> <\/span><\/strong><\/p>\n<p><strong><span class=\"text1noticias\">POR TEUDDY A. S\u00c1NCHEZ.<\/span><\/strong><\/p>\n<p><span class=\"text1noticias\"> <\/span><\/p>\n<p><span class=\"text1noticias\">        BARAHONA.- El puente que comunica a la Colonia Mixta de Duverg\u00e9 con Neiba se derrib\u00f3 esta ma\u00f1ana como consecuencia de las lluvias que se registran en esta zona desde hace varios d\u00edas.<\/span><\/p>\n<p><span class=\"text1noticias\"> <\/span><\/p>\n<p><span class=\"text1noticias\">        Esta situaci\u00f3n ha provocado que el transito vehicular este suspendido entre ambas poblaciones de las provincias Independencia y Bahoruco.<\/span><\/p>\n<p><span class=\"text1noticias\"> <\/span><\/p>\n<p><span class=\"text1noticias\">        El desplome del puente se produjo despu\u00e9s de las 9:00 de la ma\u00f1ana de este viernes como consecuencia de las copiosas lluvias que caen en la zona.<\/span><\/p>\n<p><span class=\"text1noticias\"> <\/span><\/p>\n<p><span class=\"text1noticias\">        La Colonia Mixta es un distrito municipal perteneciente a Duverg\u00e9 de Independencia.<\/span><\/p>\n<p><span class=\"text1noticias\"> <\/span><\/p>\n<p><span class=\"text1noticias\">        Esta situaci\u00f3n ha provocado que por este lado desde Cabral varias poblaciones no puedan comunicarse.<\/span><\/p>\n<p><span class=\"text1noticias\"> <\/span><\/p>\n<p><span class=\"text1noticias\">        Las personas que vayan a dirigirse a Jimani y otras localidades tienen que trasladarse por la zona de los bateyes, Neiba y otras localidades por la provincia Bahoruco para llegar a Independencia.<\/span><\/p>\n<p><span class=\"text1noticias\"> <\/span><\/p>\n<p><span class=\"text1noticias\">Tamayo.<\/span><\/p>\n<p><span class=\"text1noticias\"> <\/span><\/p>\n<p><span class=\"text1noticias\">        Varias viviendas han resultado inundadas en barrios del municipio de Tamayo.<\/span><\/p>\n<p><span class=\"text1noticias\"> <\/span><\/p>\n<p><span class=\"text1noticias\">        Las inundaciones se han producido en los barrios Altos de las Flores y La Sombra.<\/span><\/p>\n<p><span class=\"text1noticias\"> <\/span><\/p>\n<p><span class=\"text1noticias\">        Las inundaciones se han localizado en las inmediaciones del local del Banco de Reservas, La Gallera y otros puntos producto de las lluvias.<\/span><\/p>\n<p><span class=\"text1noticias\"> <\/span><\/p>\n<p><span class=\"text1noticias\">Cabral.<\/span><\/p>\n<p><span class=\"text1noticias\"> <\/span><\/p>\n<p><span class=\"text1noticias\">        Una vivienda se derrumb\u00f3 en esta localidad perteneciente a Barahona.<\/span><\/p>\n<p><span class=\"text1noticias\"> <\/span><\/p>\n<p><span class=\"text1noticias\">        El derrumbe fue producto por las lluvias que desde hace dos d\u00edas caen en esta provincia.<\/span><\/p>\n<p><span class=\"text1noticias\"> <\/span><\/p>\n<p><span class=\"text1noticias\">       <\/span><\/p>\n<h6> 2010-11-05 16:14:51 <\/h6>\n<p><!--\n<link rel=\"stylesheet\" href=\"css\/bootstrap.min.css\">\n\n\n<ul class=\"pagination\">\n\t    \n\t\n\n<li >\n\t<a href='?page_no=30680'>Previous<\/a>\n\t<\/li>\n\n\n       \n    \n\n<li><a href='?page_no=1'>1<\/a><\/li>\n\n\n\n<li><a href='?page_no=2'>2<\/a><\/li>\n\n\n\n<li><a>...<\/a><\/li>\n\n\n\n<li><a href='?page_no=30679'>30679<\/a><\/li>\n\n\n\n<li><a href='?page_no=30680'>30680<\/a><\/li>\n\n\n\n<li class='active'><a>30681<\/a><\/li>\n\n\n\n<li><a href='?page_no=30682'>30682<\/a><\/li>\n\n\n\n<li><a href='?page_no=30683'>30683<\/a><\/li>\n\n\n\n<li><a>...<\/a><\/li>\n\n\n\n<li><a href='?page_no=31963'>31963<\/a><\/li>\n\n\n\n<li><a href='?page_no=31964'>31964<\/a><\/li>\n\n    \n\t\n\n<li >\n\t<a href='?page_no=30682'>Next<\/a>\n\t<\/li>\n\n\n    \n\n<li><a href='?page_no=31964'>Last &rsaquo;&rsaquo;<\/a><\/li>\n\n<\/ul>\n\n\n--><br \/>\n<\/body><\/p>\n","protected":false},"excerpt":{"rendered":"<p>POR TEUDDY A. S\u00c1NCHEZ. BARAHONA.- El puente que comunica a la Colonia Mixta de Duverg\u00e9 con Neiba se derrib\u00f3 esta ma\u00f1ana como consecuencia de las lluvias que se registran en esta zona desde hace varios d\u00edas. Esta situaci\u00f3n ha provocado que el transito vehicular este suspendido entre ambas poblaciones de las provincias Independencia y Bahoruco. [&hellip;]<\/p>\n","protected":false},"author":3,"featured_media":0,"comment_status":"open","ping_status":"open","sticky":false,"template":"","format":"standard","meta":{"footnotes":""},"categories":[24],"tags":[],"class_list":["post-155513","post","type-post","status-publish","format-standard","hentry","category-justicia-y-derecho"],"_links":{"self":[{"href":"https:\/\/diariodominicano.com\/index.php?rest_route=\/wp\/v2\/posts\/155513","targetHints":{"allow":["GET"]}}],"collection":[{"href":"https:\/\/diariodominicano.com\/index.php?rest_route=\/wp\/v2\/posts"}],"about":[{"href":"https:\/\/diariodominicano.com\/index.php?rest_route=\/wp\/v2\/types\/post"}],"author":[{"embeddable":true,"href":"https:\/\/diariodominicano.com\/index.php?rest_route=\/wp\/v2\/users\/3"}],"replies":[{"embeddable":true,"href":"https:\/\/diariodominicano.com\/index.php?rest_route=%2Fwp%2Fv2%2Fcomments&post=155513"}],"version-history":[{"count":0,"href":"https:\/\/diariodominicano.com\/index.php?rest_route=\/wp\/v2\/posts\/155513\/revisions"}],"wp:attachment":[{"href":"https:\/\/diariodominicano.com\/index.php?rest_route=%2Fwp%2Fv2%2Fmedia&parent=155513"}],"wp:term":[{"taxonomy":"category","embeddable":true,"href":"https:\/\/diariodominicano.com\/index.php?rest_route=%2Fwp%2Fv2%2Fcategories&post=155513"},{"taxonomy":"post_tag","embeddable":true,"href":"https:\/\/diariodominicano.com\/index.php?rest_route=%2Fwp%2Fv2%2Ftags&post=155513"}],"curies":[{"name":"wp","href":"https:\/\/api.w.org\/{rel}","templated":true}]}}