{"id":155512,"date":"2010-11-05T17:24:36","date_gmt":"2010-11-05T17:24:36","guid":{"rendered":"http:\/\/diariodominicano.ddns.net\/?p=155512"},"modified":"2010-11-05T17:24:36","modified_gmt":"2010-11-05T17:24:36","slug":"lluvias-provocan-deslizamiento-de-tierra-en-carretera-sanchez-instituciones-trabajan-a-retirar-el-lodo-de-la-via","status":"publish","type":"post","link":"https:\/\/diariodominicano.com\/?p=155512","title":{"rendered":"Lluvias provocan deslizamiento de tierra en carretera S\u00e1nchez; instituciones trabajan a retirar el lodo de la v\u00eda"},"content":{"rendered":"<p><body><\/p>\n<p><img decoding=\"async\" src=\"img3\/derrumbe.jpg\" \/>  <\/p>\n<\/p>\n<p><span class=\"text1noticias\">Barahona, 05 Nov 2010.-Brigadas del Ej\u00e9rcito  Nacional y la Defensa  Civil,  con equipos pesados y livianos, trabajan  en rehabilitaci\u00f3n del  tr\u00e1nsito  en la  carretera S\u00e1nchez, entre el cruce de Vicente  Noble y la comunidad  de  Fondo  Negro,  donde las fuerte  lluvias que  han estado cayendo en  esta   ciudad,  provocaran  un deslizamiento de tierra.<\/span><\/p>\n<p><span class=\"text1noticias\"> <\/span><\/p>\n<p><span class=\"text1noticias\">Seg\u00fan la  informaci\u00f3n ofrecida v\u00eda telef\u00f3nica desde el lugar del hecho,  por el  director  regional de  la  Defensa  Civil, Augusto Moreta,   la  situaci\u00f3n ha  provocado la interrupci\u00f3n   moment\u00e1nea del tr\u00e1nsito en  dicha  v\u00eda ,  que  comunicada  las provincias   de la  regi\u00f3n Enriquillo con diferentes puntos del pa\u00eds.<\/span><\/p>\n<p><span class=\"text1noticias\"> <\/span><\/p>\n<p><span class=\"text1noticias\"> Se\u00f1al\u00f3  que  los  miembros  del Ej\u00e9rcito  y los  voluntarios de  la  Defensa  Civil de esta  ciudad y comunidades  aleda\u00f1as trabajan   con pala mec\u00e1nica, carretillas y otros instrumentos,  a  fin de retirar el  lodo  en el  menor  tiempo  posible.<\/span><\/p>\n<p><span class=\"text1noticias\"> <\/span><\/p>\n<p><span class=\"text1noticias\">Al   lugar  se  presentaron el  gobernador  provincial, Rafael  Mendoza; el  jefe  de  la  Quinta  Brigada, Napole\u00f3n Terrero,  el  sindico  de municipio  de Jaquimeyes, Domingo  Flori\u00e1n y el  encargado de  AMET, Mart\u00edn Corniel,   quienes  supervisan la  labor  que  se  est\u00e1  desarrollando.<\/span><\/p>\n<h6> 2010-11-05 17:24:36 <\/h6>\n<p><!--\n<link rel=\"stylesheet\" href=\"css\/bootstrap.min.css\">\n\n\n<ul class=\"pagination\">\n\t    \n\t\n\n<li >\n\t<a href='?page_no=30679'>Previous<\/a>\n\t<\/li>\n\n\n       \n    \n\n<li><a href='?page_no=1'>1<\/a><\/li>\n\n\n\n<li><a href='?page_no=2'>2<\/a><\/li>\n\n\n\n<li><a>...<\/a><\/li>\n\n\n\n<li><a href='?page_no=30678'>30678<\/a><\/li>\n\n\n\n<li><a href='?page_no=30679'>30679<\/a><\/li>\n\n\n\n<li class='active'><a>30680<\/a><\/li>\n\n\n\n<li><a href='?page_no=30681'>30681<\/a><\/li>\n\n\n\n<li><a href='?page_no=30682'>30682<\/a><\/li>\n\n\n\n<li><a>...<\/a><\/li>\n\n\n\n<li><a href='?page_no=31963'>31963<\/a><\/li>\n\n\n\n<li><a href='?page_no=31964'>31964<\/a><\/li>\n\n    \n\t\n\n<li >\n\t<a href='?page_no=30681'>Next<\/a>\n\t<\/li>\n\n\n    \n\n<li><a href='?page_no=31964'>Last &rsaquo;&rsaquo;<\/a><\/li>\n\n<\/ul>\n\n\n--><br \/>\n<\/body><\/p>\n","protected":false},"excerpt":{"rendered":"<p>Barahona, 05 Nov 2010.-Brigadas del Ej\u00e9rcito Nacional y la Defensa Civil, con equipos pesados y livianos, trabajan en rehabilitaci\u00f3n del tr\u00e1nsito en la carretera S\u00e1nchez, entre el cruce de Vicente Noble y la comunidad de Fondo Negro, donde las fuerte lluvias que han estado cayendo en esta ciudad, provocaran un deslizamiento de tierra. Seg\u00fan la [&hellip;]<\/p>\n","protected":false},"author":3,"featured_media":0,"comment_status":"open","ping_status":"open","sticky":false,"template":"","format":"standard","meta":{"footnotes":""},"categories":[24],"tags":[],"class_list":["post-155512","post","type-post","status-publish","format-standard","hentry","category-justicia-y-derecho"],"_links":{"self":[{"href":"https:\/\/diariodominicano.com\/index.php?rest_route=\/wp\/v2\/posts\/155512","targetHints":{"allow":["GET"]}}],"collection":[{"href":"https:\/\/diariodominicano.com\/index.php?rest_route=\/wp\/v2\/posts"}],"about":[{"href":"https:\/\/diariodominicano.com\/index.php?rest_route=\/wp\/v2\/types\/post"}],"author":[{"embeddable":true,"href":"https:\/\/diariodominicano.com\/index.php?rest_route=\/wp\/v2\/users\/3"}],"replies":[{"embeddable":true,"href":"https:\/\/diariodominicano.com\/index.php?rest_route=%2Fwp%2Fv2%2Fcomments&post=155512"}],"version-history":[{"count":0,"href":"https:\/\/diariodominicano.com\/index.php?rest_route=\/wp\/v2\/posts\/155512\/revisions"}],"wp:attachment":[{"href":"https:\/\/diariodominicano.com\/index.php?rest_route=%2Fwp%2Fv2%2Fmedia&parent=155512"}],"wp:term":[{"taxonomy":"category","embeddable":true,"href":"https:\/\/diariodominicano.com\/index.php?rest_route=%2Fwp%2Fv2%2Fcategories&post=155512"},{"taxonomy":"post_tag","embeddable":true,"href":"https:\/\/diariodominicano.com\/index.php?rest_route=%2Fwp%2Fv2%2Ftags&post=155512"}],"curies":[{"name":"wp","href":"https:\/\/api.w.org\/{rel}","templated":true}]}}