{"id":155510,"date":"2010-11-05T23:11:50","date_gmt":"2010-11-05T23:11:50","guid":{"rendered":"http:\/\/diariodominicano.ddns.net\/?p=155510"},"modified":"2010-11-05T23:11:50","modified_gmt":"2010-11-05T23:11:50","slug":"comunidades-del-sur-de-haiti-resultan-inundadas-por-tomas","status":"publish","type":"post","link":"https:\/\/diariodominicano.com\/?p=155510","title":{"rendered":"Comunidades del sur de Hait\u00ed resultan inundadas por \u00abTom\u00e1s\u00bb"},"content":{"rendered":"<p><body><\/p>\n<p><strong><span class=\"text1noticias\">   SANTO DOMINGO, 5 nov (Xinhua)&#8211; <\/span><\/strong><span class=\"text1noticias\">Comunidades del sur de Hait\u00ed resultaron hoy inundadas por las olas que provoc\u00f3 el viento del hurac\u00e1n \u00abTom\u00e1s\u00bb y por las crecidas de los r\u00edos en la zona, lo que suscit\u00f3 momentos de p\u00e1nico entre sus moradores. <\/span><\/p>\n<\/p>\n<p><span class=\"text1noticias\">   Seg\u00fan la prensa haitiana, el fen\u00f3meno natural viaja hacia el norte de la empobrecida naci\u00f3n. <\/span><\/p>\n<p><span class=\"text1noticias\">   Hasta la tarde de este viernes, hora local, las autoridades de dicho pa\u00eds han reportado la muerte de tres personas como consecuencia del hurac\u00e1n. <\/span><\/p>\n<\/p>\n<p><span class=\"text1noticias\">   De acuerdo con informes de la Direcci\u00f3n de Protecci\u00f3n Civil de ese pa\u00eds, \u00ab&#8216;Tom\u00e1s&#8217; ha dejado un muerto en el departamento de Grand Anse (al Sud-oeste) y dos en Leogane (treintra kil\u00f3metros al Sur de Puerto Pr\u00edncipe)\u00bb. <\/span><\/p>\n<\/p>\n<p><span class=\"text1noticias\">   En la ma\u00f1ana de este viernes, el presidente haitiano Ren\u00e9 Preval continuaba llamando a la poblaci\u00f3n, a trav\u00e9s de las estaciones de radio, a buscar refugios para \u00abpoder salvar su vida\u00bb. Fin<\/span><\/p>\n<h6> 2010-11-05 23:11:50 <\/h6>\n<p><!--\n<link rel=\"stylesheet\" href=\"css\/bootstrap.min.css\">\n\n\n<ul class=\"pagination\">\n\t    \n\t\n\n<li >\n\t<a href='?page_no=30677'>Previous<\/a>\n\t<\/li>\n\n\n       \n    \n\n<li><a href='?page_no=1'>1<\/a><\/li>\n\n\n\n<li><a href='?page_no=2'>2<\/a><\/li>\n\n\n\n<li><a>...<\/a><\/li>\n\n\n\n<li><a href='?page_no=30676'>30676<\/a><\/li>\n\n\n\n<li><a href='?page_no=30677'>30677<\/a><\/li>\n\n\n\n<li class='active'><a>30678<\/a><\/li>\n\n\n\n<li><a href='?page_no=30679'>30679<\/a><\/li>\n\n\n\n<li><a href='?page_no=30680'>30680<\/a><\/li>\n\n\n\n<li><a>...<\/a><\/li>\n\n\n\n<li><a href='?page_no=31963'>31963<\/a><\/li>\n\n\n\n<li><a href='?page_no=31964'>31964<\/a><\/li>\n\n    \n\t\n\n<li >\n\t<a href='?page_no=30679'>Next<\/a>\n\t<\/li>\n\n\n    \n\n<li><a href='?page_no=31964'>Last &rsaquo;&rsaquo;<\/a><\/li>\n\n<\/ul>\n\n\n--><br \/>\n<\/body><\/p>\n","protected":false},"excerpt":{"rendered":"<p>SANTO DOMINGO, 5 nov (Xinhua)&#8211; Comunidades del sur de Hait\u00ed resultaron hoy inundadas por las olas que provoc\u00f3 el viento del hurac\u00e1n \u00abTom\u00e1s\u00bb y por las crecidas de los r\u00edos en la zona, lo que suscit\u00f3 momentos de p\u00e1nico entre sus moradores. Seg\u00fan la prensa haitiana, el fen\u00f3meno natural viaja hacia el norte de la [&hellip;]<\/p>\n","protected":false},"author":3,"featured_media":0,"comment_status":"open","ping_status":"open","sticky":false,"template":"","format":"standard","meta":{"footnotes":""},"categories":[24],"tags":[],"class_list":["post-155510","post","type-post","status-publish","format-standard","hentry","category-justicia-y-derecho"],"_links":{"self":[{"href":"https:\/\/diariodominicano.com\/index.php?rest_route=\/wp\/v2\/posts\/155510","targetHints":{"allow":["GET"]}}],"collection":[{"href":"https:\/\/diariodominicano.com\/index.php?rest_route=\/wp\/v2\/posts"}],"about":[{"href":"https:\/\/diariodominicano.com\/index.php?rest_route=\/wp\/v2\/types\/post"}],"author":[{"embeddable":true,"href":"https:\/\/diariodominicano.com\/index.php?rest_route=\/wp\/v2\/users\/3"}],"replies":[{"embeddable":true,"href":"https:\/\/diariodominicano.com\/index.php?rest_route=%2Fwp%2Fv2%2Fcomments&post=155510"}],"version-history":[{"count":0,"href":"https:\/\/diariodominicano.com\/index.php?rest_route=\/wp\/v2\/posts\/155510\/revisions"}],"wp:attachment":[{"href":"https:\/\/diariodominicano.com\/index.php?rest_route=%2Fwp%2Fv2%2Fmedia&parent=155510"}],"wp:term":[{"taxonomy":"category","embeddable":true,"href":"https:\/\/diariodominicano.com\/index.php?rest_route=%2Fwp%2Fv2%2Fcategories&post=155510"},{"taxonomy":"post_tag","embeddable":true,"href":"https:\/\/diariodominicano.com\/index.php?rest_route=%2Fwp%2Fv2%2Ftags&post=155510"}],"curies":[{"name":"wp","href":"https:\/\/api.w.org\/{rel}","templated":true}]}}