{"id":155509,"date":"2010-11-05T23:22:37","date_gmt":"2010-11-05T23:22:37","guid":{"rendered":"http:\/\/diariodominicano.ddns.net\/?p=155509"},"modified":"2010-11-05T23:22:37","modified_gmt":"2010-11-05T23:22:37","slug":"presidente-fernandez-se-reune-con-el-primer-ministro-de-curazao","status":"publish","type":"post","link":"https:\/\/diariodominicano.com\/?p=155509","title":{"rendered":"Presidente Fern\u00e1ndez se re\u00fane con el Primer Ministro de Curazao"},"content":{"rendered":"<p><body><\/p>\n<p><img decoding=\"async\" src=\"http:\/\/localhost:8080\/justiciayderecho\/img3\/DSC_7156.JPG\" \/><br \/><img decoding=\"async\" src=\"http:\/\/localhost:8080\/justiciayderecho\/img3\/008.JPG\" \/><br \/><img decoding=\"async\" src=\"http:\/\/localhost:8080\/justiciayderecho\/img3\/008.JPG\" \/>  <\/p>\n<p><strong><span class=\"text1noticias\">Santo Domingo.<\/span><\/strong><span class=\"text1noticias\">-El presidente de la Rep\u00fablica, doctor Leonel Fern\u00e1ndez, se reuni\u00f3 este viernes con el Primer Ministro de Curazao, Gerrit Schotle, en su despacho del Palacio Nacional.<\/span><\/p>\n<\/p>\n<p><span class=\"text1noticias\">El mandatario dominicano convers\u00f3 con Schotle por espacio de una hora, quien defini\u00f3 el encuentro como muy importante, al tiempo de reconocer el liderazgo del doctor Leonel Fern\u00e1ndez en la regi\u00f3n.<\/span><\/p>\n<\/p>\n<p><span class=\"text1noticias\">A su salida,el primer ministro curazole\u00f1o afirm\u00f3 que luego del encuentro con el doctor Leonel Fern\u00e1ndez, comprendi\u00f3 porqu\u00e9 le llaman el ?Milagro Dominicano?, por su sensatez, por su sabidur\u00eda, su intelectualidad, tranquilidad y serenidad.<\/span><\/p>\n<\/p>\n<p><span class=\"text1noticias\">Dijo que el jefe de Estado dominicano es un l\u00edder real, lo que hace que se entienda porqu\u00e9 puede ser el pacificador en problemas entre pa\u00edses, como lo ha demostrado en el pasado en donde ha jugado ese rol.<\/span><\/p>\n<\/p>\n<p><span class=\"text1noticias\">Manifest\u00f3 que las autoridades de Curazao procuran estrechar los lazos de hermandad y solidaridad con la Rep\u00fablica Dominicana, debido a que en su pa\u00eds existe una colonia muy grande de dominicanos.<\/span><\/p>\n<\/p>\n<p><span class=\"text1noticias\">Afirm\u00f3 que los lazos entre los dos pa\u00edses se tienen que engrandecer, dado que se comparte historia y cultura.<\/span><\/p>\n<\/p>\n<p><span class=\"text1noticias\">Record\u00f3 que en d\u00edas pasados estuvo en la Rep\u00fablica Dominicana el ministro de Econom\u00eda de Curazao, para sostener conversaciones con diferentes sectores comerciales del pa\u00eds en inter\u00e9s de buscar un entendimiento para la comercializaci\u00f3n entre las dos naciones.<\/span><\/p>\n<\/p>\n<p><span class=\"text1noticias\">Afirm\u00f3 el Primer Ministro de Curazao que tambi\u00e9n se trabaja en la activaci\u00f3n de una comisi\u00f3n mixta que permita la viabilizaci\u00f3n y ejecuci\u00f3n de todos los temas que puedan beneficiar ambos pa\u00edses.<\/span><\/p>\n<\/p>\n<p><span class=\"text1noticias\">Dijo que se estudia la posibilidad de firmar un tratado de libre comercio entre Curazao y la Rep\u00fablica Dominicana, lo que estima se puede lograr dado el hecho de que debe existir el intercambio bilateral.<\/span><\/p>\n<\/p>\n<p><span class=\"text1noticias\">Expres\u00f3 que las nuevas autoridades de Curazao han visto a la Rep\u00fablica Dominicana como una de las opciones importantes para enviar a estudiantes de ese pa\u00eds a prepararse en t\u00e9rmino de intercambio.<\/span><\/p>\n<\/p>\n<p><span class=\"text1noticias\">Afirm\u00f3 que Santo Domingo puede jugar un rol muy importante en la preparaci\u00f3n de estudiantes de Curazao en distintas carreras profesionales.<\/span><\/p>\n<\/p>\n<p><span class=\"text1noticias\">En el encuentro estuvieron presentes por el gobierno dominicano, el secretario sin Cartera Miguel Mej\u00eda, y por Curazao la embajadora en el pa\u00eds Rita Rahman.<\/span><\/p>\n<h6> 2010-11-05 23:22:37 <\/h6>\n<p><!--\n<link rel=\"stylesheet\" href=\"css\/bootstrap.min.css\">\n\n\n<ul class=\"pagination\">\n\t    \n\t\n\n<li >\n\t<a href='?page_no=30676'>Previous<\/a>\n\t<\/li>\n\n\n       \n    \n\n<li><a href='?page_no=1'>1<\/a><\/li>\n\n\n\n<li><a href='?page_no=2'>2<\/a><\/li>\n\n\n\n<li><a>...<\/a><\/li>\n\n\n\n<li><a href='?page_no=30675'>30675<\/a><\/li>\n\n\n\n<li><a href='?page_no=30676'>30676<\/a><\/li>\n\n\n\n<li class='active'><a>30677<\/a><\/li>\n\n\n\n<li><a href='?page_no=30678'>30678<\/a><\/li>\n\n\n\n<li><a href='?page_no=30679'>30679<\/a><\/li>\n\n\n\n<li><a>...<\/a><\/li>\n\n\n\n<li><a href='?page_no=31963'>31963<\/a><\/li>\n\n\n\n<li><a href='?page_no=31964'>31964<\/a><\/li>\n\n    \n\t\n\n<li >\n\t<a href='?page_no=30678'>Next<\/a>\n\t<\/li>\n\n\n    \n\n<li><a href='?page_no=31964'>Last &rsaquo;&rsaquo;<\/a><\/li>\n\n<\/ul>\n\n\n--><br \/>\n<\/body><\/p>\n","protected":false},"excerpt":{"rendered":"<p>Santo Domingo.-El presidente de la Rep\u00fablica, doctor Leonel Fern\u00e1ndez, se reuni\u00f3 este viernes con el Primer Ministro de Curazao, Gerrit Schotle, en su despacho del Palacio Nacional. El mandatario dominicano convers\u00f3 con Schotle por espacio de una hora, quien defini\u00f3 el encuentro como muy importante, al tiempo de reconocer el liderazgo del doctor Leonel Fern\u00e1ndez [&hellip;]<\/p>\n","protected":false},"author":3,"featured_media":0,"comment_status":"open","ping_status":"open","sticky":false,"template":"","format":"standard","meta":{"footnotes":""},"categories":[24],"tags":[],"class_list":["post-155509","post","type-post","status-publish","format-standard","hentry","category-justicia-y-derecho"],"_links":{"self":[{"href":"https:\/\/diariodominicano.com\/index.php?rest_route=\/wp\/v2\/posts\/155509","targetHints":{"allow":["GET"]}}],"collection":[{"href":"https:\/\/diariodominicano.com\/index.php?rest_route=\/wp\/v2\/posts"}],"about":[{"href":"https:\/\/diariodominicano.com\/index.php?rest_route=\/wp\/v2\/types\/post"}],"author":[{"embeddable":true,"href":"https:\/\/diariodominicano.com\/index.php?rest_route=\/wp\/v2\/users\/3"}],"replies":[{"embeddable":true,"href":"https:\/\/diariodominicano.com\/index.php?rest_route=%2Fwp%2Fv2%2Fcomments&post=155509"}],"version-history":[{"count":0,"href":"https:\/\/diariodominicano.com\/index.php?rest_route=\/wp\/v2\/posts\/155509\/revisions"}],"wp:attachment":[{"href":"https:\/\/diariodominicano.com\/index.php?rest_route=%2Fwp%2Fv2%2Fmedia&parent=155509"}],"wp:term":[{"taxonomy":"category","embeddable":true,"href":"https:\/\/diariodominicano.com\/index.php?rest_route=%2Fwp%2Fv2%2Fcategories&post=155509"},{"taxonomy":"post_tag","embeddable":true,"href":"https:\/\/diariodominicano.com\/index.php?rest_route=%2Fwp%2Fv2%2Ftags&post=155509"}],"curies":[{"name":"wp","href":"https:\/\/api.w.org\/{rel}","templated":true}]}}