{"id":155507,"date":"2010-11-07T02:35:14","date_gmt":"2010-11-07T02:35:14","guid":{"rendered":"http:\/\/diariodominicano.ddns.net\/?p=155507"},"modified":"2010-11-07T02:35:14","modified_gmt":"2010-11-07T02:35:14","slug":"un-juez-de-yemen-ordena-captura-vivo-o-muerto-de-un-iman-nacido-en-estados-unidos-y-vinculado-a-al-qaida","status":"publish","type":"post","link":"https:\/\/diariodominicano.com\/?p=155507","title":{"rendered":"Un juez  de Yemen ordena  captura \u00abvivo o muerto\u00bb de un im\u00e1n  nacido en Estados Unidos y vinculado a al Qaida"},"content":{"rendered":"<p><body><\/p>\n<p><img decoding=\"async\" src=\"http:\/\/localhost:8080\/justiciayderecho\/img3\/Iman061110.jpg\" \/><br \/><img decoding=\"async\" src=\"http:\/\/localhost:8080\/justiciayderecho\/img3\/Iman061110.jpg\" \/>  <\/p>\n<p><span class=\"text1noticias\"> <\/span><\/p>\n<p><span class=\"text1noticias\"> <\/span><\/p>\n<\/p>\n<\/p>\n<p><span class=\"text1noticias\">Por AHMED AL-HAJ<\/span><\/p>\n<p><span class=\"text1noticias\">The Associated Press<\/span><\/p>\n<p><span class=\"text1noticias\">SAN&#8217;A &#8212; Un juez en Yemen orden\u00f3 el s\u00e1bado a la polic\u00eda que capture \u00abvivo o muerto\u00bb a un im\u00e1n extremista nacido en Estados Unidos y vinculado a al Qaida por no presentarse al juicio que se le abri\u00f3 por su implicaci\u00f3n en el asesinato de extranjeros.<\/span><\/p>\n<\/p>\n<p><span class=\"text1noticias\">Yemen enfrenta fuertes presiones de Estados Unidos para que combata a la c\u00e9lula de Al Qaida que act\u00faa en el pa\u00eds despu\u00e9s de que la semana anterior fuera frustrado un plan para el env\u00edo de bombas por correo a Estados Unidos.<\/span><\/p>\n<\/p>\n<p><span class=\"text1noticias\">Esa c\u00e9lula de al Qaida, conocida como al-Qaida en la Pen\u00ednsula Ar\u00e1biga, se atribuy\u00f3 el viernes el env\u00edo de los paquetes bomba <\/span><\/p>\n<\/p>\n<p><span class=\"text1noticias\">El im\u00e1n Anwar al-Awlaki naci\u00f3 en Nuevo M\u00e9xico de padres yemen\u00edes y es uno de los m\u00e1s prominentes y extremistas que predican en ingl\u00e9s. Al-Awlaki defiende en sus sermones la yihad, o guerra santa, contra Estados Unidos y ha influido en individuos que cometieron o han intentado llevar a cabo atentados en suelo estadounidense.<\/span><\/p>\n<\/p>\n<p><span class=\"text1noticias\">Estados Unidos autoriz\u00f3 a la CIA que capture o asesine a al-Awlaki, quien tambi\u00e9n est\u00e1 implicado en el fallido intento para destruir con una bomba, en diciembre del 2009, un avi\u00f3n con destino a Estados Unidos.<\/span><\/p>\n<\/p>\n<p><span class=\"text1noticias\">Con este juicio y orden de arresto s\u00fabitos, Yemen al parecer intenta mostrar a su aliado Estados Unidos que considera al cl\u00e9rigo una amenaza seria.<\/span><\/p>\n<\/p>\n<p><span class=\"text1noticias\">El juez Mohsen Allwan orden\u00f3 que al-Awlaki sea \u00abarrestado mediante el uso de la fuerza, vivo o muerto\u00bb, debido a que no se present\u00f3 el martes al juicio que se le ha comenzado en Yemen.<\/span><\/p>\n<\/p>\n<p><span class=\"text1noticias\">La semana pasada, en un anuncio sorpresivo, las autoridades determinaron que el cl\u00e9rigo era coacusado en el juicio contra Hisham Assem por el homicidio de un franc\u00e9s, cometido el 6 de octubre, en un ataque a las instalaciones de una firma petrolera.<\/span> <\/p>\n<\/p>\n<\/p>\n<p>Read more: http:\/\/www.elnuevoherald.com\/2010\/11\/06\/833213\/juez-en-yemen-ordena-captura-de.html#ixzz14Ym8G4uI<\/p>\n<h6> 2010-11-07 02:35:14 <\/h6>\n<p><!--\n<link rel=\"stylesheet\" href=\"css\/bootstrap.min.css\">\n\n\n<ul class=\"pagination\">\n\t    \n\t\n\n<li >\n\t<a href='?page_no=30674'>Previous<\/a>\n\t<\/li>\n\n\n       \n    \n\n<li><a href='?page_no=1'>1<\/a><\/li>\n\n\n\n<li><a href='?page_no=2'>2<\/a><\/li>\n\n\n\n<li><a>...<\/a><\/li>\n\n\n\n<li><a href='?page_no=30673'>30673<\/a><\/li>\n\n\n\n<li><a href='?page_no=30674'>30674<\/a><\/li>\n\n\n\n<li class='active'><a>30675<\/a><\/li>\n\n\n\n<li><a href='?page_no=30676'>30676<\/a><\/li>\n\n\n\n<li><a href='?page_no=30677'>30677<\/a><\/li>\n\n\n\n<li><a>...<\/a><\/li>\n\n\n\n<li><a href='?page_no=31963'>31963<\/a><\/li>\n\n\n\n<li><a href='?page_no=31964'>31964<\/a><\/li>\n\n    \n\t\n\n<li >\n\t<a href='?page_no=30676'>Next<\/a>\n\t<\/li>\n\n\n    \n\n<li><a href='?page_no=31964'>Last &rsaquo;&rsaquo;<\/a><\/li>\n\n<\/ul>\n\n\n--><br \/>\n<\/body><\/p>\n","protected":false},"excerpt":{"rendered":"<p>Por AHMED AL-HAJ The Associated Press SAN&#8217;A &#8212; Un juez en Yemen orden\u00f3 el s\u00e1bado a la polic\u00eda que capture \u00abvivo o muerto\u00bb a un im\u00e1n extremista nacido en Estados Unidos y vinculado a al Qaida por no presentarse al juicio que se le abri\u00f3 por su implicaci\u00f3n en el asesinato de extranjeros. Yemen enfrenta [&hellip;]<\/p>\n","protected":false},"author":3,"featured_media":0,"comment_status":"open","ping_status":"open","sticky":false,"template":"","format":"standard","meta":{"footnotes":""},"categories":[24],"tags":[],"class_list":["post-155507","post","type-post","status-publish","format-standard","hentry","category-justicia-y-derecho"],"_links":{"self":[{"href":"https:\/\/diariodominicano.com\/index.php?rest_route=\/wp\/v2\/posts\/155507","targetHints":{"allow":["GET"]}}],"collection":[{"href":"https:\/\/diariodominicano.com\/index.php?rest_route=\/wp\/v2\/posts"}],"about":[{"href":"https:\/\/diariodominicano.com\/index.php?rest_route=\/wp\/v2\/types\/post"}],"author":[{"embeddable":true,"href":"https:\/\/diariodominicano.com\/index.php?rest_route=\/wp\/v2\/users\/3"}],"replies":[{"embeddable":true,"href":"https:\/\/diariodominicano.com\/index.php?rest_route=%2Fwp%2Fv2%2Fcomments&post=155507"}],"version-history":[{"count":0,"href":"https:\/\/diariodominicano.com\/index.php?rest_route=\/wp\/v2\/posts\/155507\/revisions"}],"wp:attachment":[{"href":"https:\/\/diariodominicano.com\/index.php?rest_route=%2Fwp%2Fv2%2Fmedia&parent=155507"}],"wp:term":[{"taxonomy":"category","embeddable":true,"href":"https:\/\/diariodominicano.com\/index.php?rest_route=%2Fwp%2Fv2%2Fcategories&post=155507"},{"taxonomy":"post_tag","embeddable":true,"href":"https:\/\/diariodominicano.com\/index.php?rest_route=%2Fwp%2Fv2%2Ftags&post=155507"}],"curies":[{"name":"wp","href":"https:\/\/api.w.org\/{rel}","templated":true}]}}