{"id":155506,"date":"2010-11-07T05:50:29","date_gmt":"2010-11-07T05:50:29","guid":{"rendered":"http:\/\/diariodominicano.ddns.net\/?p=155506"},"modified":"2010-11-07T05:50:29","modified_gmt":"2010-11-07T05:50:29","slug":"presidente-leonel-fernandez-constitucion-garantiza-la-paz-y-el-estado-de-derecho","status":"publish","type":"post","link":"https:\/\/diariodominicano.com\/?p=155506","title":{"rendered":"Presidente Leonel Fern\u00e1ndez:  Constituci\u00f3n garantiza la paz y el Estado de derecho &#13;"},"content":{"rendered":"<p><body><\/p>\n<p><img decoding=\"async\" src=\"http:\/\/localhost:8080\/justiciayderecho\/img3\/LeonenCruce261010.jpg\" \/><br \/><img decoding=\"async\" src=\"http:\/\/localhost:8080\/justiciayderecho\/img3\/LeonenCruce261010.jpg\" \/>  <\/p>\n<\/p>\n<\/p>\n<p><span class=\"text1noticias\">SANTO DOMINGO.- El Presidente de la Rep\u00fablica, Leonel Fern\u00e1ndez afirm\u00f3 este s\u00e1bado que la Constituci\u00f3n de la Rep\u00fablica, es un texto indispensable para garantizar la paz social y el Estado de derecho.<\/span><\/p>\n<\/p>\n<p><span class=\"text1noticias\">El mandatario hizo el se\u00f1alamiento al conmemorarse el 166 aniversario de la promulgaci\u00f3n de la Constituci\u00f3n de la Rep\u00fablica, el 6 de noviembre de 1844<\/span><\/p>\n<\/p>\n<p><span class=\"text1noticias\">Apunta que la actual Carta Magna garantiza el derecho a la vida, la libre asociaci\u00f3n, la difusi\u00f3n y expresi\u00f3n del pensamiento, la libertad de conciencia y culto y la libertad de empresa y de trabajo.<\/span><\/p>\n<\/p>\n<p><span class=\"text1noticias\">Expres\u00f3  en un mensaje dirigido a la naci\u00f3n que, sin duda, nuestra carta sustantiva es esencial para el sostenimiento de la vida colectiva en un ambiente de respeto por lo que es necesario que sea conocida y apreciada por la ciudadan\u00eda.<\/span><\/p>\n<\/p>\n<p><span class=\"text1noticias\">Record\u00f3  que la actual Constituci\u00f3n declara a la Rep\u00fablica Dominicana como un Estado social y democr\u00e1tico de derecho, organizado en forma unitaria y que garantiza los derechos ciudadanos.<\/span><\/p>\n<\/p>\n<p><span class=\"text1noticias\">Dijo que est\u00e1 cimentada en el respeto a la dignidad humana, el trabajo, la soberan\u00eda popular y la separaci\u00f3n e independencia de poderes.<\/span><\/p>\n<\/p>\n<\/p>\n<h6> 2010-11-07 05:50:29 <\/h6>\n<p><!--\n<link rel=\"stylesheet\" href=\"css\/bootstrap.min.css\">\n\n\n<ul class=\"pagination\">\n\t    \n\t\n\n<li >\n\t<a href='?page_no=30673'>Previous<\/a>\n\t<\/li>\n\n\n       \n    \n\n<li><a href='?page_no=1'>1<\/a><\/li>\n\n\n\n<li><a href='?page_no=2'>2<\/a><\/li>\n\n\n\n<li><a>...<\/a><\/li>\n\n\n\n<li><a href='?page_no=30672'>30672<\/a><\/li>\n\n\n\n<li><a href='?page_no=30673'>30673<\/a><\/li>\n\n\n\n<li class='active'><a>30674<\/a><\/li>\n\n\n\n<li><a href='?page_no=30675'>30675<\/a><\/li>\n\n\n\n<li><a href='?page_no=30676'>30676<\/a><\/li>\n\n\n\n<li><a>...<\/a><\/li>\n\n\n\n<li><a href='?page_no=31963'>31963<\/a><\/li>\n\n\n\n<li><a href='?page_no=31964'>31964<\/a><\/li>\n\n    \n\t\n\n<li >\n\t<a href='?page_no=30675'>Next<\/a>\n\t<\/li>\n\n\n    \n\n<li><a href='?page_no=31964'>Last &rsaquo;&rsaquo;<\/a><\/li>\n\n<\/ul>\n\n\n--><br \/>\n<\/body><\/p>\n","protected":false},"excerpt":{"rendered":"<p>SANTO DOMINGO.- El Presidente de la Rep\u00fablica, Leonel Fern\u00e1ndez afirm\u00f3 este s\u00e1bado que la Constituci\u00f3n de la Rep\u00fablica, es un texto indispensable para garantizar la paz social y el Estado de derecho. El mandatario hizo el se\u00f1alamiento al conmemorarse el 166 aniversario de la promulgaci\u00f3n de la Constituci\u00f3n de la Rep\u00fablica, el 6 de noviembre [&hellip;]<\/p>\n","protected":false},"author":3,"featured_media":0,"comment_status":"open","ping_status":"open","sticky":false,"template":"","format":"standard","meta":{"footnotes":""},"categories":[24],"tags":[],"class_list":["post-155506","post","type-post","status-publish","format-standard","hentry","category-justicia-y-derecho"],"_links":{"self":[{"href":"https:\/\/diariodominicano.com\/index.php?rest_route=\/wp\/v2\/posts\/155506","targetHints":{"allow":["GET"]}}],"collection":[{"href":"https:\/\/diariodominicano.com\/index.php?rest_route=\/wp\/v2\/posts"}],"about":[{"href":"https:\/\/diariodominicano.com\/index.php?rest_route=\/wp\/v2\/types\/post"}],"author":[{"embeddable":true,"href":"https:\/\/diariodominicano.com\/index.php?rest_route=\/wp\/v2\/users\/3"}],"replies":[{"embeddable":true,"href":"https:\/\/diariodominicano.com\/index.php?rest_route=%2Fwp%2Fv2%2Fcomments&post=155506"}],"version-history":[{"count":0,"href":"https:\/\/diariodominicano.com\/index.php?rest_route=\/wp\/v2\/posts\/155506\/revisions"}],"wp:attachment":[{"href":"https:\/\/diariodominicano.com\/index.php?rest_route=%2Fwp%2Fv2%2Fmedia&parent=155506"}],"wp:term":[{"taxonomy":"category","embeddable":true,"href":"https:\/\/diariodominicano.com\/index.php?rest_route=%2Fwp%2Fv2%2Fcategories&post=155506"},{"taxonomy":"post_tag","embeddable":true,"href":"https:\/\/diariodominicano.com\/index.php?rest_route=%2Fwp%2Fv2%2Ftags&post=155506"}],"curies":[{"name":"wp","href":"https:\/\/api.w.org\/{rel}","templated":true}]}}