{"id":155505,"date":"2010-11-07T14:08:59","date_gmt":"2010-11-07T14:08:59","guid":{"rendered":"http:\/\/diariodominicano.ddns.net\/?p=155505"},"modified":"2010-11-07T14:08:59","modified_gmt":"2010-11-07T14:08:59","slug":"lluvias-no-provocan-danos-cuantiosos-a-la-agropecuaria-de-barahona-vientos-derriban-matas-de-platanos-y-guineos","status":"publish","type":"post","link":"https:\/\/diariodominicano.com\/?p=155505","title":{"rendered":"Lluvias no provocan da\u00f1os cuantiosos a la agropecuaria de Barahona; vientos derriban matas de platanos y guineos"},"content":{"rendered":"<p><body><\/p>\n<p><img decoding=\"async\" src=\"http:\/\/localhost:8080\/justiciayderecho\/img3\/gobernador de barahona.JPG\" \/>  <\/p>\n<\/p>\n<p><span class=\"text1noticias\">Por Teuddy A. S\u00e1nchez<\/span><\/p>\n<p><span class=\"text1noticias\"> <\/span><\/p>\n<p><span class=\"text1noticias\">BARAHONA.- Las lluvias que se registraron durante varios d\u00edas en diferentes puntos de estas provincias no provocaron da\u00f1os cuantiosos  a la agricultura, a juicio de un productor agropecuario.<\/span><\/p>\n<p><span class=\"text1noticias\"> <\/span><\/p>\n<p><span class=\"text1noticias\">El licenciado Jos\u00e9 Antonio Caraballo dijo que lo que produjo peque\u00f1os da\u00f1os, fueron los vientos de la tormenta tropical Tomas que derribaron matas de pl\u00e1tanos y guineos en varias localidades de la provincia.<\/span><\/p>\n<p><span class=\"text1noticias\"> <\/span><\/p>\n<p><span class=\"text1noticias\">Caraballo dijo que donde mayormente se produjeron estos hechos fue en Jaquimeyes y Palo Alto, donde los agricultores tuvieron p\u00e9rdidas por esta situaci\u00f3n.<\/span><\/p>\n<p><span class=\"text1noticias\"> <\/span><\/p>\n<p><span class=\"text1noticias\">Indic\u00f3 que esta ma\u00f1ana las actividades en Habanero, Palo Alto, Jaquimeyes, Bombita, Canoa y otras poblaciones eran normales, donde el sol hab\u00eda salido con normalidad.<\/span><\/p>\n<\/p>\n<p><span class=\"text1noticias\">Se\u00f1al\u00f3 que el r\u00edo Yaque del Sur continuaba normal, y a pesar de las lluvias y el desag\u00fce que recibi\u00f3 de la presa de Sabana Yegua no fue amenaza de desbordamiento.<\/span><\/p>\n<p><span class=\"text1noticias\"> <\/span><\/p>\n<p><span class=\"text1noticias\">Dijo que observ\u00f3 que varias familias que amanecieron fuera de sus casas en Jaquimeyes, esta ma\u00f1ana regresaban a sus hogares.<\/span><\/p>\n<p><span class=\"text1noticias\"> <\/span><\/p>\n<p><span class=\"text1noticias\">Precis\u00f3 que en ese municipio, hay mucha agua estancadas por las lluvias que estuvieron  cayendo durante los d\u00edas jueves y viernes.<\/span><\/p>\n<\/p>\n<p><span class=\"text1noticias\">\u00abPuede caer dos veces mas de las aguas que se registraron desde el jueves para ac\u00e1, y el Yaque del Sur no se desbordad\u00bb, explic\u00f3 el productor agr\u00edcola.<\/span><\/p>\n<\/p>\n<p><span class=\"text1noticias\">Anoche la Defensa Civil de esta ciudad, evacuo familias de Pe\u00f1\u00f3n, Bombita y Jaquimeyes.<\/span><\/p>\n<p><span class=\"text1noticias\"> <\/span><\/p>\n<p><span class=\"text1noticias\"> Pedro P\u00e9rez Heredia, del organismo de rescate dijo que en el barrio La Cu de Pe\u00f1\u00f3n fueron evacuadas varias familias.<\/span><\/p>\n<p><span class=\"text1noticias\"> <\/span><\/p>\n<p><span class=\"text1noticias\">Asimismo, otras en Bombita y muy pocas en Jaquimeyes, ya que alegaban que el r\u00edo no tenia agua para desbordarse.<\/span><\/p>\n<p><span class=\"text1noticias\"> <\/span><\/p>\n<p><span class=\"text1noticias\">\u00abNosotros somos muy viejo aqu\u00ed en Jaquimeyes, y conocemos cuando el r\u00edo puede desbordarse, y el no esta en esas condiciones\u00bb, dijo Luis Feliz a los brigadistas que acudieron a la comunidad.<\/span><\/p>\n<p><span class=\"text1noticias\"> <\/span><\/p>\n<p><span class=\"text1noticias\">Algunas de las familias evacuadas anoche desde Bombita fueron tra\u00eddas a esta ciudad, y alojadas en una iglesia en el barrio Palmarito de aqu\u00ed.<\/span><\/p>\n<h6> 2010-11-07 14:08:59 <\/h6>\n<p><!--\n<link rel=\"stylesheet\" href=\"css\/bootstrap.min.css\">\n\n\n<ul class=\"pagination\">\n\t    \n\t\n\n<li >\n\t<a href='?page_no=30672'>Previous<\/a>\n\t<\/li>\n\n\n       \n    \n\n<li><a href='?page_no=1'>1<\/a><\/li>\n\n\n\n<li><a href='?page_no=2'>2<\/a><\/li>\n\n\n\n<li><a>...<\/a><\/li>\n\n\n\n<li><a href='?page_no=30671'>30671<\/a><\/li>\n\n\n\n<li><a href='?page_no=30672'>30672<\/a><\/li>\n\n\n\n<li class='active'><a>30673<\/a><\/li>\n\n\n\n<li><a href='?page_no=30674'>30674<\/a><\/li>\n\n\n\n<li><a href='?page_no=30675'>30675<\/a><\/li>\n\n\n\n<li><a>...<\/a><\/li>\n\n\n\n<li><a href='?page_no=31963'>31963<\/a><\/li>\n\n\n\n<li><a href='?page_no=31964'>31964<\/a><\/li>\n\n    \n\t\n\n<li >\n\t<a href='?page_no=30674'>Next<\/a>\n\t<\/li>\n\n\n    \n\n<li><a href='?page_no=31964'>Last &rsaquo;&rsaquo;<\/a><\/li>\n\n<\/ul>\n\n\n--><br \/>\n<\/body><\/p>\n","protected":false},"excerpt":{"rendered":"<p>Por Teuddy A. S\u00e1nchez BARAHONA.- Las lluvias que se registraron durante varios d\u00edas en diferentes puntos de estas provincias no provocaron da\u00f1os cuantiosos a la agricultura, a juicio de un productor agropecuario. El licenciado Jos\u00e9 Antonio Caraballo dijo que lo que produjo peque\u00f1os da\u00f1os, fueron los vientos de la tormenta tropical Tomas que derribaron matas [&hellip;]<\/p>\n","protected":false},"author":3,"featured_media":0,"comment_status":"open","ping_status":"open","sticky":false,"template":"","format":"standard","meta":{"footnotes":""},"categories":[24],"tags":[],"class_list":["post-155505","post","type-post","status-publish","format-standard","hentry","category-justicia-y-derecho"],"_links":{"self":[{"href":"https:\/\/diariodominicano.com\/index.php?rest_route=\/wp\/v2\/posts\/155505","targetHints":{"allow":["GET"]}}],"collection":[{"href":"https:\/\/diariodominicano.com\/index.php?rest_route=\/wp\/v2\/posts"}],"about":[{"href":"https:\/\/diariodominicano.com\/index.php?rest_route=\/wp\/v2\/types\/post"}],"author":[{"embeddable":true,"href":"https:\/\/diariodominicano.com\/index.php?rest_route=\/wp\/v2\/users\/3"}],"replies":[{"embeddable":true,"href":"https:\/\/diariodominicano.com\/index.php?rest_route=%2Fwp%2Fv2%2Fcomments&post=155505"}],"version-history":[{"count":0,"href":"https:\/\/diariodominicano.com\/index.php?rest_route=\/wp\/v2\/posts\/155505\/revisions"}],"wp:attachment":[{"href":"https:\/\/diariodominicano.com\/index.php?rest_route=%2Fwp%2Fv2%2Fmedia&parent=155505"}],"wp:term":[{"taxonomy":"category","embeddable":true,"href":"https:\/\/diariodominicano.com\/index.php?rest_route=%2Fwp%2Fv2%2Fcategories&post=155505"},{"taxonomy":"post_tag","embeddable":true,"href":"https:\/\/diariodominicano.com\/index.php?rest_route=%2Fwp%2Fv2%2Ftags&post=155505"}],"curies":[{"name":"wp","href":"https:\/\/api.w.org\/{rel}","templated":true}]}}