{"id":155503,"date":"2010-11-07T14:39:19","date_gmt":"2010-11-07T14:39:19","guid":{"rendered":"http:\/\/diariodominicano.ddns.net\/?p=155503"},"modified":"2010-11-07T14:39:19","modified_gmt":"2010-11-07T14:39:19","slug":"tiembla-la-tierra-en-cabral-y-la-hoya-en-la-provincia-de-barahona","status":"publish","type":"post","link":"https:\/\/diariodominicano.com\/?p=155503","title":{"rendered":"Tiembla la tierra en Cabral y la Hoya en la provincia de Barahona"},"content":{"rendered":"<p><body><\/p>\n<p><span class=\"text1noticias\">POR Teuddy  A. S\u00e1nchez<\/span><\/p>\n<p><span class=\"text1noticias\"> <\/span><\/p>\n<p><span class=\"text1noticias\">BARAHONA.- Dos temblores de tierra se registraron este s\u00e1bado en la tarde en Cabral y La Hoya de esta provincia que crearon p\u00e1nico entre los habitantes de esas localidades.<\/span><\/p>\n<p><span class=\"text1noticias\"> <\/span><\/p>\n<p><span class=\"text1noticias\">El fen\u00f3meno ocurri\u00f3 alrededor de las 3:00 de la tarde, seg\u00fan se inform\u00f3 desde esas poblaciones sure\u00f1as.<\/span><\/p>\n<p><span class=\"text1noticias\"> <\/span><\/p>\n<p><span class=\"text1noticias\">El periodista Rafael F\u00e9liz dijo que en Cabral se registraron dos temblores de tierra, uno de otro con espacio de tres minutos.<\/span><\/p>\n<p><span class=\"text1noticias\"> <\/span><\/p>\n<p><span class=\"text1noticias\">\u00abLas personas de aqu\u00ed de Cabral salieron todos corriendo de sus casas, y se concentraron en la esquina caliente\u00bb, dijo el comunicador.<\/span><\/p>\n<\/p>\n<p><span class=\"text1noticias\">Manifest\u00f3 que los temblores de tierra se sintieron en El Guayuyo y el Centro de Cabral, los cuales crearon p\u00e1nico, alarma y desesperaci\u00f3n entre los parroquianos de all\u00ed.<\/span><\/p>\n<p><span class=\"text1noticias\"> <\/span><\/p>\n<p><span class=\"text1noticias\">Desde la Defensa Civil de esta ciudad, se inform\u00f3 que desde la comunidad de La Hoya tambi\u00e9n se report\u00f3 que la tierra tembl\u00f3.<\/span><\/p>\n<p><span class=\"text1noticias\"> <\/span><\/p>\n<p><span class=\"text1noticias\">?Tenemos la informaci\u00f3n de que en La Hoya tembl\u00f3 la tierra, pero no tenemos reporte de da\u00f1os?, dijo Pedro Antonio P\u00e9rez Heredia del organismo de rescate local.<\/span><\/p>\n<p><span class=\"text1noticias\"> <\/span><\/p>\n<p><span class=\"text1noticias\">El Periodista F\u00e9liz dijo que en Cabral tambi\u00e9n no se report\u00f3 ning\u00fan da\u00f1o.<\/span><\/p>\n<p><span class=\"text1noticias\"> <\/span><\/p>\n<p><span class=\"text1noticias\">Desde la Central de Radio de la Polic\u00eda tambi\u00e9n se dijo que la tierra tembl\u00f3 en Cabral.<\/span><\/p>\n<\/p>\n<h6> 2010-11-07 14:39:19 <\/h6>\n<p><!--\n<link rel=\"stylesheet\" href=\"css\/bootstrap.min.css\">\n\n\n<ul class=\"pagination\">\n\t    \n\t\n\n<li >\n\t<a href='?page_no=30670'>Previous<\/a>\n\t<\/li>\n\n\n       \n    \n\n<li><a href='?page_no=1'>1<\/a><\/li>\n\n\n\n<li><a href='?page_no=2'>2<\/a><\/li>\n\n\n\n<li><a>...<\/a><\/li>\n\n\n\n<li><a href='?page_no=30669'>30669<\/a><\/li>\n\n\n\n<li><a href='?page_no=30670'>30670<\/a><\/li>\n\n\n\n<li class='active'><a>30671<\/a><\/li>\n\n\n\n<li><a href='?page_no=30672'>30672<\/a><\/li>\n\n\n\n<li><a href='?page_no=30673'>30673<\/a><\/li>\n\n\n\n<li><a>...<\/a><\/li>\n\n\n\n<li><a href='?page_no=31963'>31963<\/a><\/li>\n\n\n\n<li><a href='?page_no=31964'>31964<\/a><\/li>\n\n    \n\t\n\n<li >\n\t<a href='?page_no=30672'>Next<\/a>\n\t<\/li>\n\n\n    \n\n<li><a href='?page_no=31964'>Last &rsaquo;&rsaquo;<\/a><\/li>\n\n<\/ul>\n\n\n--><br \/>\n<\/body><\/p>\n","protected":false},"excerpt":{"rendered":"<p>POR Teuddy A. S\u00e1nchez BARAHONA.- Dos temblores de tierra se registraron este s\u00e1bado en la tarde en Cabral y La Hoya de esta provincia que crearon p\u00e1nico entre los habitantes de esas localidades. El fen\u00f3meno ocurri\u00f3 alrededor de las 3:00 de la tarde, seg\u00fan se inform\u00f3 desde esas poblaciones sure\u00f1as. El periodista Rafael F\u00e9liz dijo [&hellip;]<\/p>\n","protected":false},"author":3,"featured_media":0,"comment_status":"open","ping_status":"open","sticky":false,"template":"","format":"standard","meta":{"footnotes":""},"categories":[24],"tags":[],"class_list":["post-155503","post","type-post","status-publish","format-standard","hentry","category-justicia-y-derecho"],"_links":{"self":[{"href":"https:\/\/diariodominicano.com\/index.php?rest_route=\/wp\/v2\/posts\/155503","targetHints":{"allow":["GET"]}}],"collection":[{"href":"https:\/\/diariodominicano.com\/index.php?rest_route=\/wp\/v2\/posts"}],"about":[{"href":"https:\/\/diariodominicano.com\/index.php?rest_route=\/wp\/v2\/types\/post"}],"author":[{"embeddable":true,"href":"https:\/\/diariodominicano.com\/index.php?rest_route=\/wp\/v2\/users\/3"}],"replies":[{"embeddable":true,"href":"https:\/\/diariodominicano.com\/index.php?rest_route=%2Fwp%2Fv2%2Fcomments&post=155503"}],"version-history":[{"count":0,"href":"https:\/\/diariodominicano.com\/index.php?rest_route=\/wp\/v2\/posts\/155503\/revisions"}],"wp:attachment":[{"href":"https:\/\/diariodominicano.com\/index.php?rest_route=%2Fwp%2Fv2%2Fmedia&parent=155503"}],"wp:term":[{"taxonomy":"category","embeddable":true,"href":"https:\/\/diariodominicano.com\/index.php?rest_route=%2Fwp%2Fv2%2Fcategories&post=155503"},{"taxonomy":"post_tag","embeddable":true,"href":"https:\/\/diariodominicano.com\/index.php?rest_route=%2Fwp%2Fv2%2Ftags&post=155503"}],"curies":[{"name":"wp","href":"https:\/\/api.w.org\/{rel}","templated":true}]}}