{"id":155502,"date":"2010-11-07T15:07:46","date_gmt":"2010-11-07T15:07:46","guid":{"rendered":"http:\/\/diariodominicano.ddns.net\/?p=155502"},"modified":"2010-11-07T15:07:46","modified_gmt":"2010-11-07T15:07:46","slug":"apresan-varios-presuntos-delincuentes-relacionados-con-muertes-y-atracos","status":"publish","type":"post","link":"https:\/\/diariodominicano.com\/?p=155502","title":{"rendered":"Apresan varios presuntos delincuentes relacionados con muertes y atracos"},"content":{"rendered":"<p><body><\/p>\n<p><span class=\"text1noticias\">Santo Domingo.- La Polic\u00eda Nacional inform\u00f3 el apresamiento de  siete presuntos delincuentes implicados en homicidios y atracos perpetrados en distintos puntos del pa\u00eds, incluyendo dos j\u00f3venes con relaci\u00f3n a la muerte de Juan Velarminio Grull\u00f3n Fern\u00e1ndez (Belanche), de 53 a\u00f1os, cuyo cad\u00e1ver fue encontrado enterrado en una fosa cementada, en estado de putrefacci\u00f3n, en el interior de un puesto de compra de botellas (Domingo El Flaco), ubicado en la en la calle Juan Evangelista Jim\u00e9nez, No. 195, del Sector Villa Consuelo, de esta capital.<\/span><\/p>\n<\/p>\n<p><span class=\"text1noticias\">La instituci\u00f3n del orden dijo que Domingo Alfredo Alm\u00e1nzar Lara (El Flaco) y Jos\u00e9 Estarlin Feliz Ogando (Joselito Black), acusados de asesinar por golpes y heridas contusas al se\u00f1or Grull\u00f3n Fern\u00e1ndez.<\/span><\/p>\n<p><span class=\"text1noticias\"> <\/span><\/p>\n<p><span class=\"text1noticias\">Mientras que en el distrito municipal de Sabaneta, San Juan de la Maguana, fueron apresados Alexandra de los Santos, de 32 a\u00f1os, y Lorenzo Contreras, de 20, por el hecho de haber incendiado la residencia del nombrado Papito Calder\u00f3n, de 30 a\u00f1os, y Ana Luisa P\u00e9rez Lorenzo, 37, ubicada en la calle Principal del referido municipio.<\/span><\/p>\n<\/p>\n<p><span class=\"text1noticias\">Mientras que en el sector Villa Juana, de esta capital, fue detenido Buena Ventura Espinal Polanco (Riky), de 32 a\u00f1os, acusado de herir a los nombrados V\u00edctor Anulfo Mart\u00ednez Pimentel, de 22, y Jos\u00e9 Antonio Rodr\u00edguez Santos, de 26, durante un incidente registrado en la calle Moca con destino a su vivienda.<\/span><\/p>\n<\/p>\n<p><span class=\"text1noticias\">La Polic\u00eda dijo, adem\u00e1s, que en Santiago fue apresado Yordany Toribio Rodr\u00edguez, de 19 a\u00f1os, acusado de herir al joven Luis Rafael Belliard Familia (Piloto), de 24, en medio de una ri\u00f1a por alegados problemas personales.<\/span><\/p>\n<\/p>\n<h6> 2010-11-07 15:07:46 <\/h6>\n<p><!--\n<link rel=\"stylesheet\" href=\"css\/bootstrap.min.css\">\n\n\n<ul class=\"pagination\">\n\t    \n\t\n\n<li >\n\t<a href='?page_no=30669'>Previous<\/a>\n\t<\/li>\n\n\n       \n    \n\n<li><a href='?page_no=1'>1<\/a><\/li>\n\n\n\n<li><a href='?page_no=2'>2<\/a><\/li>\n\n\n\n<li><a>...<\/a><\/li>\n\n\n\n<li><a href='?page_no=30668'>30668<\/a><\/li>\n\n\n\n<li><a href='?page_no=30669'>30669<\/a><\/li>\n\n\n\n<li class='active'><a>30670<\/a><\/li>\n\n\n\n<li><a href='?page_no=30671'>30671<\/a><\/li>\n\n\n\n<li><a href='?page_no=30672'>30672<\/a><\/li>\n\n\n\n<li><a>...<\/a><\/li>\n\n\n\n<li><a href='?page_no=31963'>31963<\/a><\/li>\n\n\n\n<li><a href='?page_no=31964'>31964<\/a><\/li>\n\n    \n\t\n\n<li >\n\t<a href='?page_no=30671'>Next<\/a>\n\t<\/li>\n\n\n    \n\n<li><a href='?page_no=31964'>Last &rsaquo;&rsaquo;<\/a><\/li>\n\n<\/ul>\n\n\n--><br \/>\n<\/body><\/p>\n","protected":false},"excerpt":{"rendered":"<p>Santo Domingo.- La Polic\u00eda Nacional inform\u00f3 el apresamiento de siete presuntos delincuentes implicados en homicidios y atracos perpetrados en distintos puntos del pa\u00eds, incluyendo dos j\u00f3venes con relaci\u00f3n a la muerte de Juan Velarminio Grull\u00f3n Fern\u00e1ndez (Belanche), de 53 a\u00f1os, cuyo cad\u00e1ver fue encontrado enterrado en una fosa cementada, en estado de putrefacci\u00f3n, en el [&hellip;]<\/p>\n","protected":false},"author":3,"featured_media":0,"comment_status":"open","ping_status":"open","sticky":false,"template":"","format":"standard","meta":{"footnotes":""},"categories":[24],"tags":[],"class_list":["post-155502","post","type-post","status-publish","format-standard","hentry","category-justicia-y-derecho"],"_links":{"self":[{"href":"https:\/\/diariodominicano.com\/index.php?rest_route=\/wp\/v2\/posts\/155502","targetHints":{"allow":["GET"]}}],"collection":[{"href":"https:\/\/diariodominicano.com\/index.php?rest_route=\/wp\/v2\/posts"}],"about":[{"href":"https:\/\/diariodominicano.com\/index.php?rest_route=\/wp\/v2\/types\/post"}],"author":[{"embeddable":true,"href":"https:\/\/diariodominicano.com\/index.php?rest_route=\/wp\/v2\/users\/3"}],"replies":[{"embeddable":true,"href":"https:\/\/diariodominicano.com\/index.php?rest_route=%2Fwp%2Fv2%2Fcomments&post=155502"}],"version-history":[{"count":0,"href":"https:\/\/diariodominicano.com\/index.php?rest_route=\/wp\/v2\/posts\/155502\/revisions"}],"wp:attachment":[{"href":"https:\/\/diariodominicano.com\/index.php?rest_route=%2Fwp%2Fv2%2Fmedia&parent=155502"}],"wp:term":[{"taxonomy":"category","embeddable":true,"href":"https:\/\/diariodominicano.com\/index.php?rest_route=%2Fwp%2Fv2%2Fcategories&post=155502"},{"taxonomy":"post_tag","embeddable":true,"href":"https:\/\/diariodominicano.com\/index.php?rest_route=%2Fwp%2Fv2%2Ftags&post=155502"}],"curies":[{"name":"wp","href":"https:\/\/api.w.org\/{rel}","templated":true}]}}