{"id":155501,"date":"2010-11-07T15:23:54","date_gmt":"2010-11-07T15:23:54","guid":{"rendered":"http:\/\/diariodominicano.ddns.net\/?p=155501"},"modified":"2010-11-07T15:23:54","modified_gmt":"2010-11-07T15:23:54","slug":"funcionarios-de-salud-publica-inspeccionan-el-suroeste-para-verificar-danos-ocasionados-por-las-lluvias-de-tomas","status":"publish","type":"post","link":"https:\/\/diariodominicano.com\/?p=155501","title":{"rendered":"Funcionarios de Salud P\u00fablica inspeccionan el Suroeste para verificar da\u00f1os ocasionados por las lluvias de Tomas"},"content":{"rendered":"<p><body><\/p>\n<p><span class=\"text1noticias\">Por  Teuddy A. S\u00e1nchez<\/span><\/p>\n<p><span class=\"text1noticias\"> <\/span><\/p>\n<p><span class=\"text1noticias\">BARAHONA.- Funcionarios de la regional IV del Ministerio de Salud P\u00fablica con sede en  ciudad, realizaron un recorrido por poblaciones de las provincias Independencia, Bahoruco y Barahona afectadas en las \u00faltimas horas por las copiosas lluvias que se han registrado como consecuencia del hurac\u00e1n Tomas.<\/span><\/p>\n<p><span class=\"text1noticias\"> <\/span><\/p>\n<p><span class=\"text1noticias\">El doctor Rafael S\u00e1nchez Sanlate, director del organismo y el licenciado Mayobanex de Jes\u00fas Laurens, gerente administrativo de la entidad acudieron a esas localidades para inspeccionar lo que hab\u00eda acontecido en esos lugares.<\/span><\/p>\n<p><span class=\"text1noticias\"> <\/span><\/p>\n<p><span class=\"text1noticias\">Ambos funcionarios procedieron a realizar un levantamiento de todo lo que hab\u00eda ocurrido, para as\u00ed elaborar un informe al Ministro de Salud, doctor Bautista Rojas G\u00f3mez.<\/span><\/p>\n<p><span class=\"text1noticias\"> <\/span><\/p>\n<p><span class=\"text1noticias\">El recorrido inici\u00f3 por Quita Coraza, donde observaron los deslizamientos de tierra, que hab\u00edan ocurrido este viernes, los cuales afectaron el transito en  la carretera S\u00e1nchez, que fueron retirados brigadas de diferentes instituciones.<\/span><\/p>\n<p><span class=\"text1noticias\"> <\/span><\/p>\n<p><span class=\"text1noticias\">        Asimismo, S\u00e1nchez Sanlate y De Jes\u00fas Laurens inspeccionaron los centros asistenciales ubicados en la cuenca del r\u00edo Yaque del Sur.<\/span><\/p>\n<p><span class=\"text1noticias\"> <\/span><\/p>\n<p><span class=\"text1noticias\">Las evaluaciones se extendieron hasta Tamayo, provincia Bahoruco, donde se instruy\u00f3 al personal de los centros de salud, antes situaciones de emergencias que puedan ocurrir, producto del mal tiempo que nos afecta por los efectos de Tomas.<\/span><\/p>\n<\/p>\n<p><span class=\"text1noticias\">Ambos funcionarios visitaron tambi\u00e9n, a El Pe\u00f1\u00f3n, Cabral y Crist\u00f3bal, esta ultima localidad, en la provincia Independencia, donde vieron la crecida de la Laguna Rinc\u00f3n y los da\u00f1os a las plantaciones agr\u00edcolas.  <\/span><\/p>\n<p><span class=\"text1noticias\">       <\/span><\/p>\n<p><span class=\"text1noticias\">En su recorrido, la comisi\u00f3n se traslad\u00f3 a Neiba y observaron el derrumbe del puente ubicado entre La Colonia Mixta y esa localidad, que se desplom\u00f3 como consecuencia de las lluvias, afectando la comunicaci\u00f3n vial entre ambas localidades.<\/span><\/p>\n<p><span class=\"text1noticias\"> <\/span><\/p>\n<p><span class=\"text1noticias\">La zona costera fue supervisada por S\u00e1nchez Sanlate, donde recibi\u00f3 informaci\u00f3n de todo lo acontecido en las localidades desde Barahona a Pedernales, por los coordinadores de salud de esa parte de esta regi\u00f3n Suroeste.<\/span><\/p>\n<p><span class=\"text1noticias\"> <\/span><\/p>\n<\/p>\n<h6> 2010-11-07 15:23:54 <\/h6>\n<p><!--\n<link rel=\"stylesheet\" href=\"css\/bootstrap.min.css\">\n\n\n<ul class=\"pagination\">\n\t    \n\t\n\n<li >\n\t<a href='?page_no=30668'>Previous<\/a>\n\t<\/li>\n\n\n       \n    \n\n<li><a href='?page_no=1'>1<\/a><\/li>\n\n\n\n<li><a href='?page_no=2'>2<\/a><\/li>\n\n\n\n<li><a>...<\/a><\/li>\n\n\n\n<li><a href='?page_no=30667'>30667<\/a><\/li>\n\n\n\n<li><a href='?page_no=30668'>30668<\/a><\/li>\n\n\n\n<li class='active'><a>30669<\/a><\/li>\n\n\n\n<li><a href='?page_no=30670'>30670<\/a><\/li>\n\n\n\n<li><a href='?page_no=30671'>30671<\/a><\/li>\n\n\n\n<li><a>...<\/a><\/li>\n\n\n\n<li><a href='?page_no=31963'>31963<\/a><\/li>\n\n\n\n<li><a href='?page_no=31964'>31964<\/a><\/li>\n\n    \n\t\n\n<li >\n\t<a href='?page_no=30670'>Next<\/a>\n\t<\/li>\n\n\n    \n\n<li><a href='?page_no=31964'>Last &rsaquo;&rsaquo;<\/a><\/li>\n\n<\/ul>\n\n\n--><br \/>\n<\/body><\/p>\n","protected":false},"excerpt":{"rendered":"<p>Por Teuddy A. S\u00e1nchez BARAHONA.- Funcionarios de la regional IV del Ministerio de Salud P\u00fablica con sede en ciudad, realizaron un recorrido por poblaciones de las provincias Independencia, Bahoruco y Barahona afectadas en las \u00faltimas horas por las copiosas lluvias que se han registrado como consecuencia del hurac\u00e1n Tomas. El doctor Rafael S\u00e1nchez Sanlate, director [&hellip;]<\/p>\n","protected":false},"author":3,"featured_media":0,"comment_status":"open","ping_status":"open","sticky":false,"template":"","format":"standard","meta":{"footnotes":""},"categories":[24],"tags":[],"class_list":["post-155501","post","type-post","status-publish","format-standard","hentry","category-justicia-y-derecho"],"_links":{"self":[{"href":"https:\/\/diariodominicano.com\/index.php?rest_route=\/wp\/v2\/posts\/155501","targetHints":{"allow":["GET"]}}],"collection":[{"href":"https:\/\/diariodominicano.com\/index.php?rest_route=\/wp\/v2\/posts"}],"about":[{"href":"https:\/\/diariodominicano.com\/index.php?rest_route=\/wp\/v2\/types\/post"}],"author":[{"embeddable":true,"href":"https:\/\/diariodominicano.com\/index.php?rest_route=\/wp\/v2\/users\/3"}],"replies":[{"embeddable":true,"href":"https:\/\/diariodominicano.com\/index.php?rest_route=%2Fwp%2Fv2%2Fcomments&post=155501"}],"version-history":[{"count":0,"href":"https:\/\/diariodominicano.com\/index.php?rest_route=\/wp\/v2\/posts\/155501\/revisions"}],"wp:attachment":[{"href":"https:\/\/diariodominicano.com\/index.php?rest_route=%2Fwp%2Fv2%2Fmedia&parent=155501"}],"wp:term":[{"taxonomy":"category","embeddable":true,"href":"https:\/\/diariodominicano.com\/index.php?rest_route=%2Fwp%2Fv2%2Fcategories&post=155501"},{"taxonomy":"post_tag","embeddable":true,"href":"https:\/\/diariodominicano.com\/index.php?rest_route=%2Fwp%2Fv2%2Ftags&post=155501"}],"curies":[{"name":"wp","href":"https:\/\/api.w.org\/{rel}","templated":true}]}}