{"id":155500,"date":"2010-11-07T15:27:34","date_gmt":"2010-11-07T15:27:34","guid":{"rendered":"http:\/\/diariodominicano.ddns.net\/?p=155500"},"modified":"2010-11-07T15:27:34","modified_gmt":"2010-11-07T15:27:34","slug":"policia-detiene-joven-que-junto-a-otro-realizaron-un-robo-en-un-centro-comercial-de-barahona","status":"publish","type":"post","link":"https:\/\/diariodominicano.com\/?p=155500","title":{"rendered":"Polic\u00eda detiene joven que junto a otro realizaron un robo en un centro comercial de Barahona"},"content":{"rendered":"<p><body><\/p>\n<\/p>\n<p><span class=\"text1noticias\">Por  Teuddy A. S\u00e1nchez <\/span><\/p>\n<p><span class=\"text1noticias\"> <\/span><\/p>\n<p><span class=\"text1noticias\">BARAHONA.- Un joven que penetr\u00f3 la madrugada de este jueves a un supermercado de esta ciudad, donde junto con otro rob\u00f3 dinero, mercanc\u00edas y bebidas alcoh\u00f3licas, fue apresado este viernes por la Polic\u00eda.<\/span><\/p>\n<p><span class=\"text1noticias\"> <\/span><\/p>\n<p><span class=\"text1noticias\">El vocero de la Direcci\u00f3n Regional Sur de la Polic\u00eda , mayor Jos\u00e9 de los Santos P\u00e9rez y P\u00e9rez identific\u00f3 al arrestado como Joel Corpor\u00e1n  Samboy de 34 a\u00f1os.<\/span><\/p>\n<p><span class=\"text1noticias\"> <\/span><\/p>\n<p><span class=\"text1noticias\">Manifest\u00f3 que Corpor\u00e1n Samboy fue apresado mediante allanamiento realizado en el Hotel Brasil ubicado en la calle Padre Billini, en la parte baja de esta localidad.<\/span><\/p>\n<p><span class=\"text1noticias\"> <\/span><\/p>\n<p><span class=\"text1noticias\">El oficial dijo que al arrestado se le ocup\u00f3 varios litros de Whisky de varias marcas, 31 cajas de sopitas y 14 mil 220 pesos, producto del robo y la venta de mercanc\u00edas sustra\u00eddas en el lugar.<\/span><\/p>\n<p><span class=\"text1noticias\">  <\/span><\/p>\n<p><span class=\"text1noticias\">\u00abInformamos el arrestado de Joel Corpor\u00e1n Samboy, quien admiti\u00f3 haber penetrado al supermercado H &amp;  M, la madrugada de este jueves junto a otra persona que esta pr\u00f3fuga\u00bb, dijo.<\/span><\/p>\n<p><span class=\"text1noticias\"> <\/span><\/p>\n<p><span class=\"text1noticias\">El mayor P\u00e9rez y P\u00e9rez dijo que junto a las autoridades policiales act\u00fao el procurador fiscal adjunto, licenciado Manuel Edgardo Cuesta.<\/span><\/p>\n<p><span class=\"text1noticias\"> <\/span><\/p>\n<p><span class=\"text1noticias\">El  establecimiento comercial, propiedad de Hamilton Nin Connor esta ubicado en la calle Padre Billini esquina avenida Jos\u00e9 Francisco Pe\u00f1a G\u00f3mez en la principal arteria comercial de esta localidad.<\/span><\/p>\n<\/p>\n<p><span class=\"text1noticias\">Los agentes del orden p\u00fablico, buscan determinar con el detenido quien era la otra persona que lo acompa\u00f1aba para cometer el robo.<\/span><\/p>\n<\/p>\n<h6> 2010-11-07 15:27:34 <\/h6>\n<p><!--\n<link rel=\"stylesheet\" href=\"css\/bootstrap.min.css\">\n\n\n<ul class=\"pagination\">\n\t    \n\t\n\n<li >\n\t<a href='?page_no=30667'>Previous<\/a>\n\t<\/li>\n\n\n       \n    \n\n<li><a href='?page_no=1'>1<\/a><\/li>\n\n\n\n<li><a href='?page_no=2'>2<\/a><\/li>\n\n\n\n<li><a>...<\/a><\/li>\n\n\n\n<li><a href='?page_no=30666'>30666<\/a><\/li>\n\n\n\n<li><a href='?page_no=30667'>30667<\/a><\/li>\n\n\n\n<li class='active'><a>30668<\/a><\/li>\n\n\n\n<li><a href='?page_no=30669'>30669<\/a><\/li>\n\n\n\n<li><a href='?page_no=30670'>30670<\/a><\/li>\n\n\n\n<li><a>...<\/a><\/li>\n\n\n\n<li><a href='?page_no=31963'>31963<\/a><\/li>\n\n\n\n<li><a href='?page_no=31964'>31964<\/a><\/li>\n\n    \n\t\n\n<li >\n\t<a href='?page_no=30669'>Next<\/a>\n\t<\/li>\n\n\n    \n\n<li><a href='?page_no=31964'>Last &rsaquo;&rsaquo;<\/a><\/li>\n\n<\/ul>\n\n\n--><br \/>\n<\/body><\/p>\n","protected":false},"excerpt":{"rendered":"<p>Por Teuddy A. S\u00e1nchez BARAHONA.- Un joven que penetr\u00f3 la madrugada de este jueves a un supermercado de esta ciudad, donde junto con otro rob\u00f3 dinero, mercanc\u00edas y bebidas alcoh\u00f3licas, fue apresado este viernes por la Polic\u00eda. El vocero de la Direcci\u00f3n Regional Sur de la Polic\u00eda , mayor Jos\u00e9 de los Santos P\u00e9rez y [&hellip;]<\/p>\n","protected":false},"author":3,"featured_media":0,"comment_status":"open","ping_status":"open","sticky":false,"template":"","format":"standard","meta":{"footnotes":""},"categories":[24],"tags":[],"class_list":["post-155500","post","type-post","status-publish","format-standard","hentry","category-justicia-y-derecho"],"_links":{"self":[{"href":"https:\/\/diariodominicano.com\/index.php?rest_route=\/wp\/v2\/posts\/155500","targetHints":{"allow":["GET"]}}],"collection":[{"href":"https:\/\/diariodominicano.com\/index.php?rest_route=\/wp\/v2\/posts"}],"about":[{"href":"https:\/\/diariodominicano.com\/index.php?rest_route=\/wp\/v2\/types\/post"}],"author":[{"embeddable":true,"href":"https:\/\/diariodominicano.com\/index.php?rest_route=\/wp\/v2\/users\/3"}],"replies":[{"embeddable":true,"href":"https:\/\/diariodominicano.com\/index.php?rest_route=%2Fwp%2Fv2%2Fcomments&post=155500"}],"version-history":[{"count":0,"href":"https:\/\/diariodominicano.com\/index.php?rest_route=\/wp\/v2\/posts\/155500\/revisions"}],"wp:attachment":[{"href":"https:\/\/diariodominicano.com\/index.php?rest_route=%2Fwp%2Fv2%2Fmedia&parent=155500"}],"wp:term":[{"taxonomy":"category","embeddable":true,"href":"https:\/\/diariodominicano.com\/index.php?rest_route=%2Fwp%2Fv2%2Fcategories&post=155500"},{"taxonomy":"post_tag","embeddable":true,"href":"https:\/\/diariodominicano.com\/index.php?rest_route=%2Fwp%2Fv2%2Ftags&post=155500"}],"curies":[{"name":"wp","href":"https:\/\/api.w.org\/{rel}","templated":true}]}}