{"id":155496,"date":"2010-11-08T18:31:19","date_gmt":"2010-11-08T18:31:19","guid":{"rendered":"http:\/\/diariodominicano.ddns.net\/?p=155496"},"modified":"2010-11-08T18:31:19","modified_gmt":"2010-11-08T18:31:19","slug":"educacion-llama-a-estudiantes-de-media-a-tercera-convocatoria-de-pruebas-nacionales","status":"publish","type":"post","link":"https:\/\/diariodominicano.com\/?p=155496","title":{"rendered":"&#13;Educaci\u00f3n llama a estudiantes de Media a Tercera Convocatoria de Pruebas Nacionales"},"content":{"rendered":"<p><body><\/p>\n<p><img decoding=\"async\" src=\"http:\/\/localhost:8080\/justiciayderecho\/img3\/Pruebas nacionales.jpg\" \/>  <\/p>\n<\/p>\n<p><span class=\"text1noticias\">Santo Domingo, 08 Nov 2010.- El Ministerio de Educaci\u00f3n (MINERD) llam\u00f3 a los estudiantes de Educaci\u00f3n Media, en la modalidad general y t\u00e9cnico profesional, a la Tercera Convocatoria de Pruebas Nacionales que se impartir\u00e1n del 16 al 19 de noviembre.<\/span><\/p>\n<\/p>\n<p><span class=\"text1noticias\">De los alumnos convocados, algunos participar\u00e1n por primera vez, debido a que pasaron las pruebas del centro en los ex\u00e1menes extraordinarios y otros porque repitieron la segunda convocatoria, y adem\u00e1s los que est\u00e1n pendientes de 2007 al 2009. <\/span><\/p>\n<\/p>\n<p><span class=\"text1noticias\">Ancell Scheker Mendoza, directora de Evaluaci\u00f3n del MINERD, inform\u00f3 que en la modalidad general en la asignatura de espa\u00f1ol, el martes 16 se examinar\u00e1n 32,852 estudiantes; y el mi\u00e9rcoles 17, se impartir\u00e1 matem\u00e1tica a 41,115 alumnos.<\/span><\/p>\n<\/p>\n<p><span class=\"text1noticias\">Mientras, el jueves 18 recibir\u00e1n los ex\u00e1menes de ciencias sociales, 29,770 estudiantes, y el viernes 19, en ciencias de la naturaleza tienen derecho 33,435.<\/span><\/p>\n<\/p>\n<p><span class=\"text1noticias\">En tanto, en la modalidad T\u00e9cnico Profesional, 3,456 estudiantes recibir\u00e1n espa\u00f1ol, el martes 16. Asimismo, el mi\u00e9rcoles 17, en matem\u00e1tica se examinar\u00e1n 3,718, el jueves 18, en ciencias sociales 2,500 y el viernes 19 har\u00e1n lo propio 2,963 alumnos, con la asignatura ciencias de la Naturaleza.<\/span><\/p>\n<\/p>\n<p><span class=\"text1noticias\">Las Pruebas para el Nivel Medio y T\u00e9cnico Profesional se impartir\u00e1n en los d\u00edas indicados simult\u00e1neamente, a las 2:00 de la tarde, en sus respectivos centros educativos.<\/span><\/p>\n<\/p>\n<p><span class=\"text1noticias\">La directora de Evaluaci\u00f3n del MINERD dijo que para cualquier informaci\u00f3n los estudiantes pueden llamar al Departamento de Pruebas Nacionales al tel\u00e9fono 809-687-7400 o visitar el portal de la cartera educativa www.see.gob.do. <\/span><\/p>\n<\/p>\n<p><span class=\"text1noticias\">Scheker Mendoza indic\u00f3 que los estudiantes pendientes de Pruebas Nacionales hasta el 2006, van a una convocatoria especial, cuya fecha ser\u00e1 informada pr\u00f3ximamente.<\/span><\/p>\n<h6> 2010-11-08 18:31:19 <\/h6>\n<p><!--\n<link rel=\"stylesheet\" href=\"css\/bootstrap.min.css\">\n\n\n<ul class=\"pagination\">\n\t    \n\t\n\n<li >\n\t<a href='?page_no=30663'>Previous<\/a>\n\t<\/li>\n\n\n       \n    \n\n<li><a href='?page_no=1'>1<\/a><\/li>\n\n\n\n<li><a href='?page_no=2'>2<\/a><\/li>\n\n\n\n<li><a>...<\/a><\/li>\n\n\n\n<li><a href='?page_no=30662'>30662<\/a><\/li>\n\n\n\n<li><a href='?page_no=30663'>30663<\/a><\/li>\n\n\n\n<li class='active'><a>30664<\/a><\/li>\n\n\n\n<li><a href='?page_no=30665'>30665<\/a><\/li>\n\n\n\n<li><a href='?page_no=30666'>30666<\/a><\/li>\n\n\n\n<li><a>...<\/a><\/li>\n\n\n\n<li><a href='?page_no=31963'>31963<\/a><\/li>\n\n\n\n<li><a href='?page_no=31964'>31964<\/a><\/li>\n\n    \n\t\n\n<li >\n\t<a href='?page_no=30665'>Next<\/a>\n\t<\/li>\n\n\n    \n\n<li><a href='?page_no=31964'>Last &rsaquo;&rsaquo;<\/a><\/li>\n\n<\/ul>\n\n\n--><br \/>\n<\/body><\/p>\n","protected":false},"excerpt":{"rendered":"<p>Santo Domingo, 08 Nov 2010.- El Ministerio de Educaci\u00f3n (MINERD) llam\u00f3 a los estudiantes de Educaci\u00f3n Media, en la modalidad general y t\u00e9cnico profesional, a la Tercera Convocatoria de Pruebas Nacionales que se impartir\u00e1n del 16 al 19 de noviembre. De los alumnos convocados, algunos participar\u00e1n por primera vez, debido a que pasaron las pruebas [&hellip;]<\/p>\n","protected":false},"author":3,"featured_media":0,"comment_status":"open","ping_status":"open","sticky":false,"template":"","format":"standard","meta":{"footnotes":""},"categories":[24],"tags":[],"class_list":["post-155496","post","type-post","status-publish","format-standard","hentry","category-justicia-y-derecho"],"_links":{"self":[{"href":"https:\/\/diariodominicano.com\/index.php?rest_route=\/wp\/v2\/posts\/155496","targetHints":{"allow":["GET"]}}],"collection":[{"href":"https:\/\/diariodominicano.com\/index.php?rest_route=\/wp\/v2\/posts"}],"about":[{"href":"https:\/\/diariodominicano.com\/index.php?rest_route=\/wp\/v2\/types\/post"}],"author":[{"embeddable":true,"href":"https:\/\/diariodominicano.com\/index.php?rest_route=\/wp\/v2\/users\/3"}],"replies":[{"embeddable":true,"href":"https:\/\/diariodominicano.com\/index.php?rest_route=%2Fwp%2Fv2%2Fcomments&post=155496"}],"version-history":[{"count":0,"href":"https:\/\/diariodominicano.com\/index.php?rest_route=\/wp\/v2\/posts\/155496\/revisions"}],"wp:attachment":[{"href":"https:\/\/diariodominicano.com\/index.php?rest_route=%2Fwp%2Fv2%2Fmedia&parent=155496"}],"wp:term":[{"taxonomy":"category","embeddable":true,"href":"https:\/\/diariodominicano.com\/index.php?rest_route=%2Fwp%2Fv2%2Fcategories&post=155496"},{"taxonomy":"post_tag","embeddable":true,"href":"https:\/\/diariodominicano.com\/index.php?rest_route=%2Fwp%2Fv2%2Ftags&post=155496"}],"curies":[{"name":"wp","href":"https:\/\/api.w.org\/{rel}","templated":true}]}}