{"id":155492,"date":"2010-11-08T20:35:43","date_gmt":"2010-11-08T20:35:43","guid":{"rendered":"http:\/\/diariodominicano.ddns.net\/?p=155492"},"modified":"2010-11-08T20:35:43","modified_gmt":"2010-11-08T20:35:43","slug":"valdez-albizu-dice-estan-garantizados-recursos-recapitalizacion-banco-central","status":"publish","type":"post","link":"https:\/\/diariodominicano.com\/?p=155492","title":{"rendered":"Valdez Albizu  dice est\u00e1n garantizados recursos recapitalizaci\u00f3n Banco Central"},"content":{"rendered":"<p><body><\/p>\n<p><img decoding=\"async\" src=\"img3\/valdez albizu.jpg\" \/>  <\/p>\n<p><span class=\"text1noticias\">Santo Domingo.-El gobernador del Banco Central, H\u00e9ctor Valdez Albizu, reiter\u00f3 este lunes que los recursos de la recapitalizaci\u00f3n del Banco Central est\u00e1n garantizados en la carta de intenci\u00f3n firmada en con el Fondo Monetario Internacional (FMI).<\/span><\/p>\n<\/p>\n<p><span class=\"text1noticias\">H\u00e9ctor Valdez Albizu dio la informaci\u00f3n en el marco de una rueda de prensa convocada por el Banco Central en medio de un encuentro que se lleva a cabo en la instituci\u00f3n bancaria con las comisiones de Hacienda y de Presupuesto de la C\u00e1mara de Diputado y el Senado, a iniciativa del senador pelede\u00edsta Tommy Gal\u00e1n.<\/span><\/p>\n<\/p>\n<p><span class=\"text1noticias\">Indic\u00f3 que la carta de intenci\u00f3n explica que una parte de los recursos (US$250 millones) que recibir\u00eda el organismo que rige la pol\u00edtica monetaria del pa\u00eds ser\u00eda asignada a Hacienda, para que esta entidad a su vez pague al Banco Central el diferimiento, lo que tambi\u00e9n ocurrir\u00e1 el pr\u00f3ximo a\u00f1o.<\/span><\/p>\n<\/p>\n<p><span class=\"text1noticias\">A\u00f1adi\u00f3 que el a\u00f1o que viene se va aplicar el mismo tratamiento, el Banco Central se va cohibir de recibir esos recursos y se van a asignar a Hacienda, para que Hacienda los d\u00e9 al Banco Central, es decir, que tenemos asegurados los recursos por dos a\u00f1os y luego trabajaremos en una reformulaci\u00f3n si fuese necesario, que creo que no lo ser\u00e1.<\/span><\/p>\n<\/p>\n<p><span class=\"text1noticias\">Mientras que el jefe de la misi\u00f3n que se encuentra en el pa\u00eds, Alejandro Santos, asegur\u00f3 que la estrategia del Gobierno contempla los recursos que har\u00e1n posible financiar el gasto p\u00fablico.<\/span><\/p>\n<\/p>\n<p><span class=\"text1noticias\">En tanto que en respuesta a si habr\u00e1 una nueva reforma fiscal, el jefe del FMI para el caso dominicano, Santos, explic\u00f3 que en la carta de intenci\u00f3n est\u00e1 incluida la estrategia del Gobierno para aumentar los recursos del Estado, \u00abde una racionalizaci\u00f3n de las recaudaciones y de una mejora de la administraci\u00f3n tributaria y creemos que eso va a crear espacio en conjunto con una reducci\u00f3n de los subsidios indiscriminados de electricidad con lo cual ser\u00e1 posible poder financiar los gastos que est\u00e1n en el presupuesto del pr\u00f3ximo a\u00f1o al igual que los que est\u00e1n en el presupuesto\u00bb.<\/span><\/p>\n<\/p>\n<p><span class=\"text1noticias\">El prop\u00f3sito de la reuni\u00f3n del gobernador del Banco Central, senadores y diputados con el FMI se hizo en atenci\u00f3n a una propuesta del senador Gal\u00e1n, con el fin de obtener un programa de capacitaci\u00f3n t\u00e9cnica y de an\u00e1lisis de los principales par\u00e1metros de la econom\u00eda nacional e internacional.<\/span><\/p>\n<p><span class=\"text1noticias\">Los representantes del Congreso dominicano tambi\u00e9n ir\u00e1n a Washington donde seguir\u00e1n el entrenamiento.<\/span><\/p>\n<\/p>\n<h6> 2010-11-08 20:35:43 <\/h6>\n<p><!--\n<link rel=\"stylesheet\" href=\"css\/bootstrap.min.css\">\n\n\n<ul class=\"pagination\">\n\t    \n\t\n\n<li >\n\t<a href='?page_no=30659'>Previous<\/a>\n\t<\/li>\n\n\n       \n    \n\n<li><a href='?page_no=1'>1<\/a><\/li>\n\n\n\n<li><a href='?page_no=2'>2<\/a><\/li>\n\n\n\n<li><a>...<\/a><\/li>\n\n\n\n<li><a href='?page_no=30658'>30658<\/a><\/li>\n\n\n\n<li><a href='?page_no=30659'>30659<\/a><\/li>\n\n\n\n<li class='active'><a>30660<\/a><\/li>\n\n\n\n<li><a href='?page_no=30661'>30661<\/a><\/li>\n\n\n\n<li><a href='?page_no=30662'>30662<\/a><\/li>\n\n\n\n<li><a>...<\/a><\/li>\n\n\n\n<li><a href='?page_no=31963'>31963<\/a><\/li>\n\n\n\n<li><a href='?page_no=31964'>31964<\/a><\/li>\n\n    \n\t\n\n<li >\n\t<a href='?page_no=30661'>Next<\/a>\n\t<\/li>\n\n\n    \n\n<li><a href='?page_no=31964'>Last &rsaquo;&rsaquo;<\/a><\/li>\n\n<\/ul>\n\n\n--><br \/>\n<\/body><\/p>\n","protected":false},"excerpt":{"rendered":"<p>Santo Domingo.-El gobernador del Banco Central, H\u00e9ctor Valdez Albizu, reiter\u00f3 este lunes que los recursos de la recapitalizaci\u00f3n del Banco Central est\u00e1n garantizados en la carta de intenci\u00f3n firmada en con el Fondo Monetario Internacional (FMI). H\u00e9ctor Valdez Albizu dio la informaci\u00f3n en el marco de una rueda de prensa convocada por el Banco Central [&hellip;]<\/p>\n","protected":false},"author":3,"featured_media":0,"comment_status":"open","ping_status":"open","sticky":false,"template":"","format":"standard","meta":{"footnotes":""},"categories":[24],"tags":[],"class_list":["post-155492","post","type-post","status-publish","format-standard","hentry","category-justicia-y-derecho"],"_links":{"self":[{"href":"https:\/\/diariodominicano.com\/index.php?rest_route=\/wp\/v2\/posts\/155492","targetHints":{"allow":["GET"]}}],"collection":[{"href":"https:\/\/diariodominicano.com\/index.php?rest_route=\/wp\/v2\/posts"}],"about":[{"href":"https:\/\/diariodominicano.com\/index.php?rest_route=\/wp\/v2\/types\/post"}],"author":[{"embeddable":true,"href":"https:\/\/diariodominicano.com\/index.php?rest_route=\/wp\/v2\/users\/3"}],"replies":[{"embeddable":true,"href":"https:\/\/diariodominicano.com\/index.php?rest_route=%2Fwp%2Fv2%2Fcomments&post=155492"}],"version-history":[{"count":0,"href":"https:\/\/diariodominicano.com\/index.php?rest_route=\/wp\/v2\/posts\/155492\/revisions"}],"wp:attachment":[{"href":"https:\/\/diariodominicano.com\/index.php?rest_route=%2Fwp%2Fv2%2Fmedia&parent=155492"}],"wp:term":[{"taxonomy":"category","embeddable":true,"href":"https:\/\/diariodominicano.com\/index.php?rest_route=%2Fwp%2Fv2%2Fcategories&post=155492"},{"taxonomy":"post_tag","embeddable":true,"href":"https:\/\/diariodominicano.com\/index.php?rest_route=%2Fwp%2Fv2%2Ftags&post=155492"}],"curies":[{"name":"wp","href":"https:\/\/api.w.org\/{rel}","templated":true}]}}