{"id":155491,"date":"2010-11-08T20:38:43","date_gmt":"2010-11-08T20:38:43","guid":{"rendered":"http:\/\/diariodominicano.ddns.net\/?p=155491"},"modified":"2010-11-08T20:38:43","modified_gmt":"2010-11-08T20:38:43","slug":"sacan-del-congreso-a-nieto-de-dictador-trujillo","status":"publish","type":"post","link":"https:\/\/diariodominicano.com\/?p=155491","title":{"rendered":"&#13;&#13;Sacan del Congreso a nieto de dictador Trujillo"},"content":{"rendered":"<p><body><\/p>\n<\/p>\n<p><span class=\"text1noticias\">Santo Domingo.-Un nieto del dictador Rafael Leonidas Trujillo, Ranf\u00eds Dom\u00ednguez Trujillo, fue sacado este lunes de las vistas p\u00fablicas que celebra el Congreso Nacional sobre el proyecto ley que busca construir un museo sobre la era del tirano.<\/span><\/p>\n<\/p>\n<p><span class=\"text1noticias\">La orden de sacar al descendiente de Trujillo fue dada por el presidente de la Comisi\u00f3n de Cultura de la C\u00e1mara de Diputados, Manuel Jim\u00e9nez, quien explic\u00f3 que tom\u00f3 la decisi\u00f3n tras algunos congresista protestar su presencia en el lugar.<\/span><\/p>\n<\/p>\n<p><span class=\"text1noticias\">Se\u00f1al\u00f3 que de esa manera buscaba evitar que las vistas p\u00fablicas, que se realizan en el sal\u00f3n Hugo Tolentino Dipp, resultaran afectadas.<\/span><\/p>\n<\/p>\n<p><span class=\"text1noticias\">La presencia del nieto de Trujillo, quien lleg\u00f3 al lugar acompa\u00f1ado de varios guardaespaldas, provoc\u00f3 airadas protestas de los legisladores, que, incluso, amenazaron con dejar el lugar de continuar \u00e9ste en el edificio.<\/span><\/p>\n<\/p>\n<p><span class=\"text1noticias\">La creaci\u00f3n de un museo que muestre la era trujillista es iniciativa del diputado perrede\u00edsta Leivin Guerrero. Es la segunda vista p\u00fablica que se celebra sobre el tema.<\/span><\/p>\n<\/p>\n<h6> 2010-11-08 20:38:43 <\/h6>\n<p><!--\n<link rel=\"stylesheet\" href=\"css\/bootstrap.min.css\">\n\n\n<ul class=\"pagination\">\n\t    \n\t\n\n<li >\n\t<a href='?page_no=30658'>Previous<\/a>\n\t<\/li>\n\n\n       \n    \n\n<li><a href='?page_no=1'>1<\/a><\/li>\n\n\n\n<li><a href='?page_no=2'>2<\/a><\/li>\n\n\n\n<li><a>...<\/a><\/li>\n\n\n\n<li><a href='?page_no=30657'>30657<\/a><\/li>\n\n\n\n<li><a href='?page_no=30658'>30658<\/a><\/li>\n\n\n\n<li class='active'><a>30659<\/a><\/li>\n\n\n\n<li><a href='?page_no=30660'>30660<\/a><\/li>\n\n\n\n<li><a href='?page_no=30661'>30661<\/a><\/li>\n\n\n\n<li><a>...<\/a><\/li>\n\n\n\n<li><a href='?page_no=31963'>31963<\/a><\/li>\n\n\n\n<li><a href='?page_no=31964'>31964<\/a><\/li>\n\n    \n\t\n\n<li >\n\t<a href='?page_no=30660'>Next<\/a>\n\t<\/li>\n\n\n    \n\n<li><a href='?page_no=31964'>Last &rsaquo;&rsaquo;<\/a><\/li>\n\n<\/ul>\n\n\n--><br \/>\n<\/body><\/p>\n","protected":false},"excerpt":{"rendered":"<p>Santo Domingo.-Un nieto del dictador Rafael Leonidas Trujillo, Ranf\u00eds Dom\u00ednguez Trujillo, fue sacado este lunes de las vistas p\u00fablicas que celebra el Congreso Nacional sobre el proyecto ley que busca construir un museo sobre la era del tirano. La orden de sacar al descendiente de Trujillo fue dada por el presidente de la Comisi\u00f3n de [&hellip;]<\/p>\n","protected":false},"author":3,"featured_media":0,"comment_status":"open","ping_status":"open","sticky":false,"template":"","format":"standard","meta":{"footnotes":""},"categories":[24],"tags":[],"class_list":["post-155491","post","type-post","status-publish","format-standard","hentry","category-justicia-y-derecho"],"_links":{"self":[{"href":"https:\/\/diariodominicano.com\/index.php?rest_route=\/wp\/v2\/posts\/155491","targetHints":{"allow":["GET"]}}],"collection":[{"href":"https:\/\/diariodominicano.com\/index.php?rest_route=\/wp\/v2\/posts"}],"about":[{"href":"https:\/\/diariodominicano.com\/index.php?rest_route=\/wp\/v2\/types\/post"}],"author":[{"embeddable":true,"href":"https:\/\/diariodominicano.com\/index.php?rest_route=\/wp\/v2\/users\/3"}],"replies":[{"embeddable":true,"href":"https:\/\/diariodominicano.com\/index.php?rest_route=%2Fwp%2Fv2%2Fcomments&post=155491"}],"version-history":[{"count":0,"href":"https:\/\/diariodominicano.com\/index.php?rest_route=\/wp\/v2\/posts\/155491\/revisions"}],"wp:attachment":[{"href":"https:\/\/diariodominicano.com\/index.php?rest_route=%2Fwp%2Fv2%2Fmedia&parent=155491"}],"wp:term":[{"taxonomy":"category","embeddable":true,"href":"https:\/\/diariodominicano.com\/index.php?rest_route=%2Fwp%2Fv2%2Fcategories&post=155491"},{"taxonomy":"post_tag","embeddable":true,"href":"https:\/\/diariodominicano.com\/index.php?rest_route=%2Fwp%2Fv2%2Ftags&post=155491"}],"curies":[{"name":"wp","href":"https:\/\/api.w.org\/{rel}","templated":true}]}}