{"id":155490,"date":"2010-11-08T20:51:49","date_gmt":"2010-11-08T20:51:49","guid":{"rendered":"http:\/\/diariodominicano.ddns.net\/?p=155490"},"modified":"2010-11-08T20:51:49","modified_gmt":"2010-11-08T20:51:49","slug":"pagaran-salarios-en-proximos-dias-a-empleados-biblioteca-nacional","status":"publish","type":"post","link":"https:\/\/diariodominicano.com\/?p=155490","title":{"rendered":"&#13;&#13;&#13;Pagar\u00e1n salarios en pr\u00f3ximos d\u00edas a empleados Biblioteca Nacional"},"content":{"rendered":"<p><body><\/p>\n<\/p>\n<p><span class=\"text1noticias\">Santo Domingo.-El director de la Biblioteca Nacional garantiz\u00f3 que en los pr\u00f3ximos d\u00edas pagar\u00e1n los tres salarios atrasados a los empleados de esa instituci\u00f3n.<\/span><\/p>\n<\/p>\n<p><span class=\"text1noticias\">Di\u00f3medes N\u00fa\u00f1ez Polanco  atribuy\u00f3 el retraso en el pago de los sueldos a sus empleados a que la Biblioteca depende del fondo administrativo de la Presidencia y a la reducci\u00f3n hecha por el gobierno a los presupuestos de varias entidades estatales.<\/span><\/p>\n<\/p>\n<p><span class=\"text1noticias\">Dijo que \u00abm\u00e1s recientemente nos afect\u00f3 la reducci\u00f3n que el Fondo Monetario Internacional tambi\u00e9n est\u00e1 obligando en reducci\u00f3n de personal, de gastos, y eso\u00bb.<\/span><\/p>\n<\/p>\n<p><span class=\"text1noticias\">Explic\u00f3 que la Biblioteca depende tambi\u00e9n del Ministerio de Cultura de donde reciben menos de un mill\u00f3n 800 mil pesos, la mayor parte de cuyos recursos son destinados a proyectos de remodelaci\u00f3n f\u00edsica e institucional.<\/span><\/p>\n<\/p>\n<p><span class=\"text1noticias\">Indic\u00f3 que esto coincidi\u00f3 con las negociaciones con el Fondo que limit\u00f3 sustancialmente todas las erogaciones y los presupuestos de instituciones, incluido el Fondo Presidencial.<\/span><\/p>\n<\/p>\n<p><span class=\"text1noticias\">Resalt\u00f3 que ante todo esto, se hizo obligatorio reestructurar los gastos y las erogaciones a instituciones como la Biblioteca Nacional, pero asegur\u00f3 que entraron ya en un proceso de estabilizaci\u00f3n en los pagos.<\/span><\/p>\n<\/p>\n<p><span class=\"text1noticias\">Aclar\u00f3 que al igual que sus empleados, lleva tres meses sin recibir su salario, y que pese a los retrasos en los pagos la biblioteca no ha detenido sus proyectos ni ha dejado de trabajar en el censo nacional, ni tampoco en los programas de capacitaci\u00f3n.<\/span><\/p>\n<\/p>\n<p><span class=\"text1noticias\">Adelant\u00f3 que a m\u00e1s tardar en agosto del pr\u00f3ximo a\u00f1o se mudar\u00e1n a la nueva sede que albergar\u00e1 la Biblioteca Nacional la cual cuenta con 20 mil metros cuadrados.<\/span><\/p>\n<\/p>\n<h6> 2010-11-08 20:51:49 <\/h6>\n<p><!--\n<link rel=\"stylesheet\" href=\"css\/bootstrap.min.css\">\n\n\n<ul class=\"pagination\">\n\t    \n\t\n\n<li >\n\t<a href='?page_no=30657'>Previous<\/a>\n\t<\/li>\n\n\n       \n    \n\n<li><a href='?page_no=1'>1<\/a><\/li>\n\n\n\n<li><a href='?page_no=2'>2<\/a><\/li>\n\n\n\n<li><a>...<\/a><\/li>\n\n\n\n<li><a href='?page_no=30656'>30656<\/a><\/li>\n\n\n\n<li><a href='?page_no=30657'>30657<\/a><\/li>\n\n\n\n<li class='active'><a>30658<\/a><\/li>\n\n\n\n<li><a href='?page_no=30659'>30659<\/a><\/li>\n\n\n\n<li><a href='?page_no=30660'>30660<\/a><\/li>\n\n\n\n<li><a>...<\/a><\/li>\n\n\n\n<li><a href='?page_no=31963'>31963<\/a><\/li>\n\n\n\n<li><a href='?page_no=31964'>31964<\/a><\/li>\n\n    \n\t\n\n<li >\n\t<a href='?page_no=30659'>Next<\/a>\n\t<\/li>\n\n\n    \n\n<li><a href='?page_no=31964'>Last &rsaquo;&rsaquo;<\/a><\/li>\n\n<\/ul>\n\n\n--><br \/>\n<\/body><\/p>\n","protected":false},"excerpt":{"rendered":"<p>Santo Domingo.-El director de la Biblioteca Nacional garantiz\u00f3 que en los pr\u00f3ximos d\u00edas pagar\u00e1n los tres salarios atrasados a los empleados de esa instituci\u00f3n. Di\u00f3medes N\u00fa\u00f1ez Polanco atribuy\u00f3 el retraso en el pago de los sueldos a sus empleados a que la Biblioteca depende del fondo administrativo de la Presidencia y a la reducci\u00f3n hecha [&hellip;]<\/p>\n","protected":false},"author":3,"featured_media":0,"comment_status":"open","ping_status":"open","sticky":false,"template":"","format":"standard","meta":{"footnotes":""},"categories":[24],"tags":[],"class_list":["post-155490","post","type-post","status-publish","format-standard","hentry","category-justicia-y-derecho"],"_links":{"self":[{"href":"https:\/\/diariodominicano.com\/index.php?rest_route=\/wp\/v2\/posts\/155490","targetHints":{"allow":["GET"]}}],"collection":[{"href":"https:\/\/diariodominicano.com\/index.php?rest_route=\/wp\/v2\/posts"}],"about":[{"href":"https:\/\/diariodominicano.com\/index.php?rest_route=\/wp\/v2\/types\/post"}],"author":[{"embeddable":true,"href":"https:\/\/diariodominicano.com\/index.php?rest_route=\/wp\/v2\/users\/3"}],"replies":[{"embeddable":true,"href":"https:\/\/diariodominicano.com\/index.php?rest_route=%2Fwp%2Fv2%2Fcomments&post=155490"}],"version-history":[{"count":0,"href":"https:\/\/diariodominicano.com\/index.php?rest_route=\/wp\/v2\/posts\/155490\/revisions"}],"wp:attachment":[{"href":"https:\/\/diariodominicano.com\/index.php?rest_route=%2Fwp%2Fv2%2Fmedia&parent=155490"}],"wp:term":[{"taxonomy":"category","embeddable":true,"href":"https:\/\/diariodominicano.com\/index.php?rest_route=%2Fwp%2Fv2%2Fcategories&post=155490"},{"taxonomy":"post_tag","embeddable":true,"href":"https:\/\/diariodominicano.com\/index.php?rest_route=%2Fwp%2Fv2%2Ftags&post=155490"}],"curies":[{"name":"wp","href":"https:\/\/api.w.org\/{rel}","templated":true}]}}