{"id":155488,"date":"2010-11-08T21:02:05","date_gmt":"2010-11-08T21:02:05","guid":{"rendered":"http:\/\/diariodominicano.ddns.net\/?p=155488"},"modified":"2010-11-08T21:02:05","modified_gmt":"2010-11-08T21:02:05","slug":"desarrollaran-programa-navidad-con-salud-2010","status":"publish","type":"post","link":"https:\/\/diariodominicano.com\/?p=155488","title":{"rendered":"&#13;&#13;Desarrollar\u00e1n programa \u00abNavidad con Salud 2010\u00bb"},"content":{"rendered":"<p><body><\/p>\n<\/p>\n<p><span class=\"text1noticias\">Santo Domingo.-El Ministerio de Salud P\u00fablica y los cabildos del pa\u00eds desarrollar\u00e1n desde el mes de diciembre el programa \u00abNavidad con Salud 2010\u00bb, herramienta de promoci\u00f3n y educaci\u00f3n para la prevenci\u00f3n del c\u00f3lera y  varias enfermedades tropicales. La idea consiste en lograr una plena integraci\u00f3n de mancomunidad municipal a las tareas de prevenci\u00f3n de enfermedades infectocontagiosas y evitar la penetraci\u00f3n del c\u00f3lera, afirm\u00f3 el ministro de Salud P\u00fablica. <\/span><\/p>\n<\/p>\n<p><span class=\"text1noticias\">El doctor Bautista Rojas G\u00f3mez dijo, asimismo, que los ayuntamientos se sumar\u00e1n a las actividades educativas y de promoci\u00f3n que vienen desarrollando diferentes entidades publicas,  privadas  y de la sociedad civil, encabezadas por las autoridades sanitarias<\/span><\/p>\n<\/p>\n<p><span class=\"text1noticias\">Inform\u00f3 que los cabildos van adherir a  sus unidades de transportaci\u00f3n  motorizadas, brochours y afiches alusivos a las medidas de prevenci\u00f3n del c\u00f3lera, el dengue , malaria y la leptospirosis con la finalidad de  promover los mensajes educativos e informativos en todas las poblaciones<\/span><\/p>\n<\/p>\n<p><span class=\"text1noticias\">Destac\u00f3 que desde finales del mes  noviembre y  hasta enero, las corporaciones edilicias del Distrito Nacional y la provincia Santo Domingo y otras estar\u00e1n desarrollando en sus respectivas demarcaciones la estrategia preventiva denominada \u00abNavidad con Salud\u00bb como una forma de no bajar la guardia frente a diferentes enfermedades. <\/span><\/p>\n<\/p>\n<p><span class=\"text1noticias\"> \u00abLo que buscamos con esta acci\u00f3n conjunta con los ayuntamientos es intensificar las acciones que hemos venido desarrollando en la \u00faltimas semanas para seguir previniendo y bajando los niveles de incidencia del dengue, la malaria, leptospirosis en todo el territorio nacional hasta final de a\u00f1o\u00bb, expres\u00f3.<\/span><\/p>\n<\/p>\n<p><span class=\"text1noticias\">Precis\u00f3 que la coordinaci\u00f3n de las acciones preventivas que se llevar\u00e1n a cabo en las diferentes demarcaciones tambi\u00e9n cuenta con el involucramiento de juntas de vecinos y grupos sociales. <\/span><\/p>\n<\/p>\n<p><span class=\"text1noticias\">\u00abEl Ministerio de Salud P\u00fablica con esta medida procura, adem\u00e1s, mantener como hasta la tarde de este lunes, el pa\u00eds libre de c\u00f3lera  y los niveles de sostenidos de descenso de los casos de dengue, malaria y leptospirosis\u00bb, sostuvo.<\/span><\/p>\n<\/p>\n<h6> 2010-11-08 21:02:05 <\/h6>\n<p><!--\n<link rel=\"stylesheet\" href=\"css\/bootstrap.min.css\">\n\n\n<ul class=\"pagination\">\n\t    \n\t\n\n<li >\n\t<a href='?page_no=30655'>Previous<\/a>\n\t<\/li>\n\n\n       \n    \n\n<li><a href='?page_no=1'>1<\/a><\/li>\n\n\n\n<li><a href='?page_no=2'>2<\/a><\/li>\n\n\n\n<li><a>...<\/a><\/li>\n\n\n\n<li><a href='?page_no=30654'>30654<\/a><\/li>\n\n\n\n<li><a href='?page_no=30655'>30655<\/a><\/li>\n\n\n\n<li class='active'><a>30656<\/a><\/li>\n\n\n\n<li><a href='?page_no=30657'>30657<\/a><\/li>\n\n\n\n<li><a href='?page_no=30658'>30658<\/a><\/li>\n\n\n\n<li><a>...<\/a><\/li>\n\n\n\n<li><a href='?page_no=31963'>31963<\/a><\/li>\n\n\n\n<li><a href='?page_no=31964'>31964<\/a><\/li>\n\n    \n\t\n\n<li >\n\t<a href='?page_no=30657'>Next<\/a>\n\t<\/li>\n\n\n    \n\n<li><a href='?page_no=31964'>Last &rsaquo;&rsaquo;<\/a><\/li>\n\n<\/ul>\n\n\n--><br \/>\n<\/body><\/p>\n","protected":false},"excerpt":{"rendered":"<p>Santo Domingo.-El Ministerio de Salud P\u00fablica y los cabildos del pa\u00eds desarrollar\u00e1n desde el mes de diciembre el programa \u00abNavidad con Salud 2010\u00bb, herramienta de promoci\u00f3n y educaci\u00f3n para la prevenci\u00f3n del c\u00f3lera y varias enfermedades tropicales. La idea consiste en lograr una plena integraci\u00f3n de mancomunidad municipal a las tareas de prevenci\u00f3n de enfermedades [&hellip;]<\/p>\n","protected":false},"author":3,"featured_media":0,"comment_status":"open","ping_status":"open","sticky":false,"template":"","format":"standard","meta":{"footnotes":""},"categories":[24],"tags":[],"class_list":["post-155488","post","type-post","status-publish","format-standard","hentry","category-justicia-y-derecho"],"_links":{"self":[{"href":"https:\/\/diariodominicano.com\/index.php?rest_route=\/wp\/v2\/posts\/155488","targetHints":{"allow":["GET"]}}],"collection":[{"href":"https:\/\/diariodominicano.com\/index.php?rest_route=\/wp\/v2\/posts"}],"about":[{"href":"https:\/\/diariodominicano.com\/index.php?rest_route=\/wp\/v2\/types\/post"}],"author":[{"embeddable":true,"href":"https:\/\/diariodominicano.com\/index.php?rest_route=\/wp\/v2\/users\/3"}],"replies":[{"embeddable":true,"href":"https:\/\/diariodominicano.com\/index.php?rest_route=%2Fwp%2Fv2%2Fcomments&post=155488"}],"version-history":[{"count":0,"href":"https:\/\/diariodominicano.com\/index.php?rest_route=\/wp\/v2\/posts\/155488\/revisions"}],"wp:attachment":[{"href":"https:\/\/diariodominicano.com\/index.php?rest_route=%2Fwp%2Fv2%2Fmedia&parent=155488"}],"wp:term":[{"taxonomy":"category","embeddable":true,"href":"https:\/\/diariodominicano.com\/index.php?rest_route=%2Fwp%2Fv2%2Fcategories&post=155488"},{"taxonomy":"post_tag","embeddable":true,"href":"https:\/\/diariodominicano.com\/index.php?rest_route=%2Fwp%2Fv2%2Ftags&post=155488"}],"curies":[{"name":"wp","href":"https:\/\/api.w.org\/{rel}","templated":true}]}}