{"id":155487,"date":"2010-11-08T21:29:03","date_gmt":"2010-11-08T21:29:03","guid":{"rendered":"http:\/\/diariodominicano.ddns.net\/?p=155487"},"modified":"2010-11-08T21:29:03","modified_gmt":"2010-11-08T21:29:03","slug":"roban-motocicleta-a-empleado-del-consorcio-azucarero-central-en-tamayo","status":"publish","type":"post","link":"https:\/\/diariodominicano.com\/?p=155487","title":{"rendered":"Roban motocicleta a empleado del Consorcio Azucarero Central en Tamayo"},"content":{"rendered":"<p><body><\/p>\n<\/p>\n<p><span class=\"text1noticias\">Teuddy A. S\u00e1nchez<\/span><\/p>\n<\/p>\n<p><span class=\"text1noticias\"> <\/span><\/p>\n<p><span class=\"text1noticias\">NEIBA.- Un  empleado del Consorcio Azucarero Central (CAC), denunci\u00f3 el robo de una motocicleta de la marquesina de su vivienda en Tamayo.<\/span><\/p>\n<p><span class=\"text1noticias\"> <\/span><\/p>\n<p><span class=\"text1noticias\">El dominico-haitiano F\u00e9lix Arnet de 40 a\u00f1os denunci\u00f3 el robo en el departamento de Investigaciones Criminales de la Polic\u00eda de all\u00ed.<\/span><\/p>\n<p><span class=\"text1noticias\"> <\/span><\/p>\n<p><span class=\"text1noticias\">Arnet dijo que los cacos se llevaron un motor marca Suzuki AX-100, color rojo propiedad del CAC, arrendatario del ingenio Barahona.<\/span><\/p>\n<p><span class=\"text1noticias\"> <\/span><\/p>\n<p><span class=\"text1noticias\">El robo se produjo de su vivienda ubicada en la calle 10 de marzo n\u00famero 36 en Tamayo, provincia Bahoruco.<\/span><\/p>\n<p><span class=\"text1noticias\"> <\/span><\/p>\n<p><span class=\"text1noticias\">Indic\u00f3 que la motocicleta tiene un valor de 35 mil pesos.<\/span><\/p>\n<p><span class=\"text1noticias\"> <\/span><\/p>\n<p><span class=\"text1noticias\">Para cometer el robo, los desconocidos rompieron el candado de la puerta de la marquesina de la vivienda.<\/span><\/p>\n<p><span class=\"text1noticias\"><strong>General de la PN saluda encuentro contra la delincuencia auspiciado por el CAC<\/strong><\/span><\/p>\n<\/p>\n<p><span class=\"text1noticias\">BARAHONA.- El jefe de la Direcci\u00f3n Regional Sur de la Polic\u00eda , general Rafael Calder\u00f3n Efres salud\u00f3 el encuentro realizado en esta ciudad, auspiciado por el Consorcio Azucarero Central (CAC), sobre la delincuencia que se registra en el Suroeste.<\/span><\/p>\n<p><span class=\"text1noticias\"> <\/span><\/p>\n<p><span class=\"text1noticias\">El oficial dijo que el como encargado de la instituci\u00f3n del orden publico en esta ciudad, el aplaude el gesto y la iniciativa de la empresa que administra el ingenio Barahona.<\/span><\/p>\n<p><span class=\"text1noticias\"> <\/span><\/p>\n<p><span class=\"text1noticias\">En semanas pasadas, el CAC reuni\u00f3 diferentes sectores de las provincias Independencia, Bahoruco y Barahona en el hotel Costa Larimar, en el malec\u00f3n de la avenida Enriquillo, donde se discuti\u00f3 la delincuencia en la zona y donde se hicieron propuestas para enfrentarla.<\/span><\/p>\n<p><span class=\"text1noticias\"> <\/span><\/p>\n<p><span class=\"text1noticias\">El general Calder\u00f3n Efres record\u00f3 que en meses pasados, el present\u00f3 a esta sociedad, el Plan de Seguridad Regional, ?donde muchas personas no le dieron la importancia necesaria a su propuesta?.<\/span><\/p>\n<p><span class=\"text1noticias\"> <\/span><\/p>\n<p><span class=\"text1noticias\">Dijo que en la pr\u00f3xima reuni\u00f3n que patrocine el CAC, el presentar\u00e1 ese plan, que lo que hay es que ejecutarlo o ponerlo en marcha.<\/span><\/p>\n<p><span class=\"text1noticias\">       <\/span><\/p>\n<p><span class=\"text1noticias\">?Algunas autoridades no ejercer el rol que le corresponde, y consideran que la seguridad publica y la seguridad ciudadana es exclusividad de la Polic\u00eda , y es un error?, explic\u00f3.<\/span><\/p>\n<p><span class=\"text1noticias\"> <\/span><\/p>\n<p><span class=\"text1noticias\">Se\u00f1al\u00f3 que la delincuencia y la criminalidad es algo multifactorial, ?por ende para combatirlo tiene que ser multidisciplinario, donde en la delincuencia influye la deportaci\u00f3n, de oportunidades en j\u00f3venes, marginalidad y otros?.<\/span><\/p>\n<\/p>\n<h6> 2010-11-08 21:29:03 <\/h6>\n<p><!--\n<link rel=\"stylesheet\" href=\"css\/bootstrap.min.css\">\n\n\n<ul class=\"pagination\">\n\t    \n\t\n\n<li >\n\t<a href='?page_no=30654'>Previous<\/a>\n\t<\/li>\n\n\n       \n    \n\n<li><a href='?page_no=1'>1<\/a><\/li>\n\n\n\n<li><a href='?page_no=2'>2<\/a><\/li>\n\n\n\n<li><a>...<\/a><\/li>\n\n\n\n<li><a href='?page_no=30653'>30653<\/a><\/li>\n\n\n\n<li><a href='?page_no=30654'>30654<\/a><\/li>\n\n\n\n<li class='active'><a>30655<\/a><\/li>\n\n\n\n<li><a href='?page_no=30656'>30656<\/a><\/li>\n\n\n\n<li><a href='?page_no=30657'>30657<\/a><\/li>\n\n\n\n<li><a>...<\/a><\/li>\n\n\n\n<li><a href='?page_no=31963'>31963<\/a><\/li>\n\n\n\n<li><a href='?page_no=31964'>31964<\/a><\/li>\n\n    \n\t\n\n<li >\n\t<a href='?page_no=30656'>Next<\/a>\n\t<\/li>\n\n\n    \n\n<li><a href='?page_no=31964'>Last &rsaquo;&rsaquo;<\/a><\/li>\n\n<\/ul>\n\n\n--><br \/>\n<\/body><\/p>\n","protected":false},"excerpt":{"rendered":"<p>Teuddy A. S\u00e1nchez NEIBA.- Un empleado del Consorcio Azucarero Central (CAC), denunci\u00f3 el robo de una motocicleta de la marquesina de su vivienda en Tamayo. El dominico-haitiano F\u00e9lix Arnet de 40 a\u00f1os denunci\u00f3 el robo en el departamento de Investigaciones Criminales de la Polic\u00eda de all\u00ed. Arnet dijo que los cacos se llevaron un motor [&hellip;]<\/p>\n","protected":false},"author":3,"featured_media":0,"comment_status":"open","ping_status":"open","sticky":false,"template":"","format":"standard","meta":{"footnotes":""},"categories":[24],"tags":[],"class_list":["post-155487","post","type-post","status-publish","format-standard","hentry","category-justicia-y-derecho"],"_links":{"self":[{"href":"https:\/\/diariodominicano.com\/index.php?rest_route=\/wp\/v2\/posts\/155487","targetHints":{"allow":["GET"]}}],"collection":[{"href":"https:\/\/diariodominicano.com\/index.php?rest_route=\/wp\/v2\/posts"}],"about":[{"href":"https:\/\/diariodominicano.com\/index.php?rest_route=\/wp\/v2\/types\/post"}],"author":[{"embeddable":true,"href":"https:\/\/diariodominicano.com\/index.php?rest_route=\/wp\/v2\/users\/3"}],"replies":[{"embeddable":true,"href":"https:\/\/diariodominicano.com\/index.php?rest_route=%2Fwp%2Fv2%2Fcomments&post=155487"}],"version-history":[{"count":0,"href":"https:\/\/diariodominicano.com\/index.php?rest_route=\/wp\/v2\/posts\/155487\/revisions"}],"wp:attachment":[{"href":"https:\/\/diariodominicano.com\/index.php?rest_route=%2Fwp%2Fv2%2Fmedia&parent=155487"}],"wp:term":[{"taxonomy":"category","embeddable":true,"href":"https:\/\/diariodominicano.com\/index.php?rest_route=%2Fwp%2Fv2%2Fcategories&post=155487"},{"taxonomy":"post_tag","embeddable":true,"href":"https:\/\/diariodominicano.com\/index.php?rest_route=%2Fwp%2Fv2%2Ftags&post=155487"}],"curies":[{"name":"wp","href":"https:\/\/api.w.org\/{rel}","templated":true}]}}