{"id":155486,"date":"2010-11-08T21:59:51","date_gmt":"2010-11-08T21:59:51","guid":{"rendered":"http:\/\/diariodominicano.ddns.net\/?p=155486"},"modified":"2010-11-08T21:59:51","modified_gmt":"2010-11-08T21:59:51","slug":"defensa-pide-descargo-y-libertad-de-implicados-caso-paya","status":"publish","type":"post","link":"https:\/\/diariodominicano.com\/?p=155486","title":{"rendered":"Defensa pide descargo y libertad de implicados caso Paya"},"content":{"rendered":"<p><body><\/p>\n<p><span class=\"text1noticias\">Santo Domingo .-La defensa del imputado Luis de Jes\u00fas Lara Mart\u00ednez pidi\u00f3 este lunes  a los jueces del Tercer Tribunal Colegiado del Distrito Nacional rechazar el pedimento del ministerio p\u00fablico de condenarlo a 30 a\u00f1os de prisi\u00f3n,  y en consecuencia descargarlo de toda responsabilidad penal.<\/span><\/p>\n<\/p>\n<p><span class=\"text1noticias\"> Tambi\u00e9n la defensa de  Jos\u00e9 Luis Mont\u00e1s (El Duro Motors) pidi\u00f3 que sea puesto en libertad.<\/span><\/p>\n<\/p>\n<p><span class=\"text1noticias\">William Garabito, abogado de Luis Lara, dijo que el ministerio p\u00fablico no pudo demostrar en el tribunal la participaci\u00f3n de su defendido en el asesinato de los siete colombianos, ni en el trasiego de drogas.<\/span><\/p>\n<p><span class=\"text1noticias\">Sostiene que el ministerio p\u00fablico miente al tribunal cuando expresa que a su defendido les fueron incautados once veh\u00edculos, de los cuales nueve pertenecen a los hoy occisos.<\/span><\/p>\n<\/p>\n<p><span class=\"text1noticias\">Rechaz\u00f3 que Luis Lara est\u00e9 involucrado en lavado de activos producto del narcotr\u00e1fico ya que, seg\u00fan dijo, se pudo demostrar en el tribunal la procedencia de los bienes que posee.<\/span><\/p>\n<\/p>\n<p><span class=\"text1noticias\">Aleg\u00f3 que la jeepeta Mercedes Benz, color rojo que le ocup\u00f3 la Fiscal\u00eda se encuentra en poder del Banco del Progreso, ya que fue producto de un pr\u00e9stamo.<\/span><\/p>\n<\/p>\n<p><span class=\"text1noticias\">La defensa del imputado dijo que no entiende cual es el inter\u00e9s  que tiene la Fiscal\u00eda, de atribuirle bienes que en realidad no son de su propiedad.<\/span><\/p>\n<\/p>\n<p><span class=\"text1noticias\">\u00abEl Duro Motors\u00bb<\/span><\/p>\n<\/p>\n<p><span class=\"text1noticias\">Asimismo la defensa de Jos\u00e9 Luis Mont\u00e1s (El Duro Motors) pidi\u00f3 al tribunal declarar no culpable a su defendido por los hechos que se le imputan y descargarlo de toda responsabilidad penal.<\/span><\/p>\n<\/p>\n<p><span class=\"text1noticias\">El doctor Marino F\u00e9liz dijo que el ministerio p\u00fablico no pudo demostrar la participaci\u00f3n de Mont\u00e1s en la matanza de Paya, ni en el narcotr\u00e1fico ni en lavado de activo.<\/span><\/p>\n<\/p>\n<p><span class=\"text1noticias\">Este martes contin\u00faa  la audiencia del caso Paya con la r\u00e9plica de la defensa de varios de los imputados. <\/span><\/p>\n<p><span class=\"text1noticias\">El ministerio p\u00fablico pidi\u00f3 reclusi\u00f3n de 30 a\u00f1os para ocho de los acusados en el caso Paya y para el resto entre tres y 20 a\u00f1os.<\/span><\/p>\n<\/p>\n<p><span class=\"text1noticias\">La solicitud de reclusi\u00f3n de 30 a\u00f1os es en contra de Luis de Jes\u00fas Lara Mart\u00ednez, Jos\u00e9 Luis Mont\u00e1s Vargas (El Duro Motors), los coroneles de la Marina de Guerra, Ricardo Rafael Guzm\u00e1n P\u00e9rez y Miguel Pe\u00f1a Figuereo, Edward Mayobanex Rodr\u00edguez Montero, Antonio Manuel Roche Pineda, Jorge Luis Chalas, y Or\u00edn Clinton G\u00f3mez.<\/span><\/p>\n<\/p>\n<h6> 2010-11-08 21:59:51 <\/h6>\n<p><!--\n<link rel=\"stylesheet\" href=\"css\/bootstrap.min.css\">\n\n\n<ul class=\"pagination\">\n\t    \n\t\n\n<li >\n\t<a href='?page_no=30653'>Previous<\/a>\n\t<\/li>\n\n\n       \n    \n\n<li><a href='?page_no=1'>1<\/a><\/li>\n\n\n\n<li><a href='?page_no=2'>2<\/a><\/li>\n\n\n\n<li><a>...<\/a><\/li>\n\n\n\n<li><a href='?page_no=30652'>30652<\/a><\/li>\n\n\n\n<li><a href='?page_no=30653'>30653<\/a><\/li>\n\n\n\n<li class='active'><a>30654<\/a><\/li>\n\n\n\n<li><a href='?page_no=30655'>30655<\/a><\/li>\n\n\n\n<li><a href='?page_no=30656'>30656<\/a><\/li>\n\n\n\n<li><a>...<\/a><\/li>\n\n\n\n<li><a href='?page_no=31963'>31963<\/a><\/li>\n\n\n\n<li><a href='?page_no=31964'>31964<\/a><\/li>\n\n    \n\t\n\n<li >\n\t<a href='?page_no=30655'>Next<\/a>\n\t<\/li>\n\n\n    \n\n<li><a href='?page_no=31964'>Last &rsaquo;&rsaquo;<\/a><\/li>\n\n<\/ul>\n\n\n--><br \/>\n<\/body><\/p>\n","protected":false},"excerpt":{"rendered":"<p>Santo Domingo .-La defensa del imputado Luis de Jes\u00fas Lara Mart\u00ednez pidi\u00f3 este lunes a los jueces del Tercer Tribunal Colegiado del Distrito Nacional rechazar el pedimento del ministerio p\u00fablico de condenarlo a 30 a\u00f1os de prisi\u00f3n, y en consecuencia descargarlo de toda responsabilidad penal. Tambi\u00e9n la defensa de Jos\u00e9 Luis Mont\u00e1s (El Duro Motors) [&hellip;]<\/p>\n","protected":false},"author":3,"featured_media":0,"comment_status":"open","ping_status":"open","sticky":false,"template":"","format":"standard","meta":{"footnotes":""},"categories":[24],"tags":[],"class_list":["post-155486","post","type-post","status-publish","format-standard","hentry","category-justicia-y-derecho"],"_links":{"self":[{"href":"https:\/\/diariodominicano.com\/index.php?rest_route=\/wp\/v2\/posts\/155486","targetHints":{"allow":["GET"]}}],"collection":[{"href":"https:\/\/diariodominicano.com\/index.php?rest_route=\/wp\/v2\/posts"}],"about":[{"href":"https:\/\/diariodominicano.com\/index.php?rest_route=\/wp\/v2\/types\/post"}],"author":[{"embeddable":true,"href":"https:\/\/diariodominicano.com\/index.php?rest_route=\/wp\/v2\/users\/3"}],"replies":[{"embeddable":true,"href":"https:\/\/diariodominicano.com\/index.php?rest_route=%2Fwp%2Fv2%2Fcomments&post=155486"}],"version-history":[{"count":0,"href":"https:\/\/diariodominicano.com\/index.php?rest_route=\/wp\/v2\/posts\/155486\/revisions"}],"wp:attachment":[{"href":"https:\/\/diariodominicano.com\/index.php?rest_route=%2Fwp%2Fv2%2Fmedia&parent=155486"}],"wp:term":[{"taxonomy":"category","embeddable":true,"href":"https:\/\/diariodominicano.com\/index.php?rest_route=%2Fwp%2Fv2%2Fcategories&post=155486"},{"taxonomy":"post_tag","embeddable":true,"href":"https:\/\/diariodominicano.com\/index.php?rest_route=%2Fwp%2Fv2%2Ftags&post=155486"}],"curies":[{"name":"wp","href":"https:\/\/api.w.org\/{rel}","templated":true}]}}