{"id":155485,"date":"2010-11-09T13:03:25","date_gmt":"2010-11-09T13:03:25","guid":{"rendered":"http:\/\/diariodominicano.ddns.net\/?p=155485"},"modified":"2010-11-09T13:03:25","modified_gmt":"2010-11-09T13:03:25","slug":"el-gobierno-reinicia-asfaltado-de-calles-en-san-francisco-de-macoris","status":"publish","type":"post","link":"https:\/\/diariodominicano.com\/?p=155485","title":{"rendered":"El gobierno reinicia asfaltado de calles en San Francisco de Macor\u00eds"},"content":{"rendered":"<p><body><\/p>\n<p><img decoding=\"async\" src=\"http:\/\/localhost:8080\/justiciayderecho\/img3\/San%20Francisco%20de%20Macor%C3%83%C2%ADs.jpg\" \/>  <\/p>\n<p><em><strong><span class=\"text1noticias\">Grupos populares dejan sin efecto llamado a paro <\/span><\/strong><\/em><\/p>\n<\/p>\n<p><span class=\"text1noticias\">San Francisco de  Macor\u00eds, 09 Nov 2010.- El Gobierno reinici\u00f3 este lunes los trabajos de pavimentaci\u00f3n de las calles de esta provincia, tal como se diera a conocer el pasado viernes. <\/span><\/p>\n<\/p>\n<p><span class=\"text1noticias\">La informaci\u00f3n la ofreci\u00f3 el presidente de la  Comisi\u00f3n de  Desarrollo Provincial, C\u00e9sar Fern\u00e1ndez, quien estuvo acompa\u00f1ado de  la gobernadora provincial,  Luz Selene Plata y Juan Francisco Mart\u00ednez, del Ministerio de la Presidencia.<\/span><\/p>\n<\/p>\n<p><span class=\"text1noticias\">Dijo que dichos trabajos se har\u00e1n en coordinaci\u00f3n con los grupos populares que ven\u00edan demandando el arreglo de las calles de varios barrios de este municipio.<\/span><\/p>\n<\/p>\n<p><span class=\"text1noticias\">\u00abEl compromiso nuestro es el 50 por ciento en este a\u00f1o, es decir a partir del 8 de noviembre que es hoy hasta el 31 de diciembre que es lo que queda del a\u00f1o 2010 y por supuesto lo que no se termine ahora, en enero terminarlo con el nuevo programa de asfaltado que se va a iniciar\u00bb.<\/span><\/p>\n<\/p>\n<p><span class=\"text1noticias\">Fern\u00e1ndez, tras conversar con los coordinadores de los grupos populares de esta provincia, reiter\u00f3 que el gobierno hace un esfuerzo extraordinario en cumplir con las demandas exigidas. <\/span><\/p>\n<\/p>\n<p><span class=\"text1noticias\">El presidente de la Comisi\u00f3n de Desarrollo Provincial se\u00f1al\u00f3 que se est\u00e1n haciendo todos los esfuerzos para la construcci\u00f3n de la carretera la Gu\u00e1suma- La Bajada, la cual ser\u00e1 declarada de urgencia y para la compra de los laboratorios de ingenier\u00eda del CURNE.<\/span><\/p>\n<\/p>\n<p><span class=\"text1noticias\">Luego de concluir el encuentro el Ingeniero C\u00e9sar Fern\u00e1ndez se traslad\u00f3 junto a la gobernadora Luz Selene Plata al sector Vista del Valle donde el Ministerio de Educaci\u00f3n se apresta a construir el liceo Vicente Aquilino Santos, de 21 aulas, en un solar de unos 7 mil metros cuadrados por un monto superior a los 60 millones de pesos.<\/span><\/p>\n<\/p>\n<p><span class=\"text1noticias\">Los equipos para reiniciar el pavimentado fueron entregados  por el ingeniero Fern\u00e1ndez, quien fue recibido en el parque Ercilia Pep\u00edn por Ra\u00fal Monegro coordinador municipal del Frente Amplio de Lucha Popular (FALPO) y otros dirigentes de esa organizaci\u00f3n.<\/span><\/p>\n<\/p>\n<p><span class=\"text1noticias\">De su lado, Ra\u00fal Monegro, vocero de esa entidad sindical, dijo que en vista de que los funcionarios del gobierno, han honrado el compromiso asumido el pasado viernes, decidieron dejar sin efecto el paro programado.<\/span><\/p>\n<\/p>\n<p><span class=\"text1noticias\">\u00abSabemos que dentro de nuestros reclamos, hay soluciones que pueden darse a corto plazo, otras a mediano y algunas a largo plazo y estamos tom\u00e1ndole la palabra al gobierno para que nos resuelvan nuestras demandas\u00bb expres\u00f3 el dirigente popular.  <\/span><\/p>\n<\/p>\n<p><span class=\"text1noticias\">Los barrios Vista de San Francisco, Las Colinas, Perpetuo Socorro, Villas Palma y Avenida Los Rieles, de acuerdo a una nota de la Subdirecci\u00f3n de Prensa de la Presidencia en Santiago, ser\u00e1n asfaltados en los pr\u00f3ximos d\u00edas.<\/span><\/p>\n<\/p>\n<p><span class=\"text1noticias\">Se recuerda que el pasado viernes el Ministerio de Obras P\u00fablicas y la Oficina de Ingenieros Supervisores de Obras del  Supervisora  del Estado se reunieron con los dirigentes populares, donde se comprometieron a pavimentar el 50 por ciento de las calles en los barrios que fueran escogidos por los grupos populares previo a un levantamiento. <\/span><\/p>\n<h6> 2010-11-09 13:03:25 <\/h6>\n<p><!--\n<link rel=\"stylesheet\" href=\"css\/bootstrap.min.css\">\n\n\n<ul class=\"pagination\">\n\t    \n\t\n\n<li >\n\t<a href='?page_no=30652'>Previous<\/a>\n\t<\/li>\n\n\n       \n    \n\n<li><a href='?page_no=1'>1<\/a><\/li>\n\n\n\n<li><a href='?page_no=2'>2<\/a><\/li>\n\n\n\n<li><a>...<\/a><\/li>\n\n\n\n<li><a href='?page_no=30651'>30651<\/a><\/li>\n\n\n\n<li><a href='?page_no=30652'>30652<\/a><\/li>\n\n\n\n<li class='active'><a>30653<\/a><\/li>\n\n\n\n<li><a href='?page_no=30654'>30654<\/a><\/li>\n\n\n\n<li><a href='?page_no=30655'>30655<\/a><\/li>\n\n\n\n<li><a>...<\/a><\/li>\n\n\n\n<li><a href='?page_no=31963'>31963<\/a><\/li>\n\n\n\n<li><a href='?page_no=31964'>31964<\/a><\/li>\n\n    \n\t\n\n<li >\n\t<a href='?page_no=30654'>Next<\/a>\n\t<\/li>\n\n\n    \n\n<li><a href='?page_no=31964'>Last &rsaquo;&rsaquo;<\/a><\/li>\n\n<\/ul>\n\n\n--><br \/>\n<\/body><\/p>\n","protected":false},"excerpt":{"rendered":"<p>Grupos populares dejan sin efecto llamado a paro San Francisco de Macor\u00eds, 09 Nov 2010.- El Gobierno reinici\u00f3 este lunes los trabajos de pavimentaci\u00f3n de las calles de esta provincia, tal como se diera a conocer el pasado viernes. La informaci\u00f3n la ofreci\u00f3 el presidente de la Comisi\u00f3n de Desarrollo Provincial, C\u00e9sar Fern\u00e1ndez, quien estuvo [&hellip;]<\/p>\n","protected":false},"author":3,"featured_media":0,"comment_status":"open","ping_status":"open","sticky":false,"template":"","format":"standard","meta":{"footnotes":""},"categories":[24],"tags":[],"class_list":["post-155485","post","type-post","status-publish","format-standard","hentry","category-justicia-y-derecho"],"_links":{"self":[{"href":"https:\/\/diariodominicano.com\/index.php?rest_route=\/wp\/v2\/posts\/155485","targetHints":{"allow":["GET"]}}],"collection":[{"href":"https:\/\/diariodominicano.com\/index.php?rest_route=\/wp\/v2\/posts"}],"about":[{"href":"https:\/\/diariodominicano.com\/index.php?rest_route=\/wp\/v2\/types\/post"}],"author":[{"embeddable":true,"href":"https:\/\/diariodominicano.com\/index.php?rest_route=\/wp\/v2\/users\/3"}],"replies":[{"embeddable":true,"href":"https:\/\/diariodominicano.com\/index.php?rest_route=%2Fwp%2Fv2%2Fcomments&post=155485"}],"version-history":[{"count":0,"href":"https:\/\/diariodominicano.com\/index.php?rest_route=\/wp\/v2\/posts\/155485\/revisions"}],"wp:attachment":[{"href":"https:\/\/diariodominicano.com\/index.php?rest_route=%2Fwp%2Fv2%2Fmedia&parent=155485"}],"wp:term":[{"taxonomy":"category","embeddable":true,"href":"https:\/\/diariodominicano.com\/index.php?rest_route=%2Fwp%2Fv2%2Fcategories&post=155485"},{"taxonomy":"post_tag","embeddable":true,"href":"https:\/\/diariodominicano.com\/index.php?rest_route=%2Fwp%2Fv2%2Ftags&post=155485"}],"curies":[{"name":"wp","href":"https:\/\/api.w.org\/{rel}","templated":true}]}}