{"id":155481,"date":"2010-11-09T19:59:57","date_gmt":"2010-11-09T19:59:57","guid":{"rendered":"http:\/\/diariodominicano.ddns.net\/?p=155481"},"modified":"2010-11-09T19:59:57","modified_gmt":"2010-11-09T19:59:57","slug":"museo-en-honor-a-trujillo-es-una-afrenta","status":"publish","type":"post","link":"https:\/\/diariodominicano.com\/?p=155481","title":{"rendered":"Museo en honor a Trujillo es una afrenta"},"content":{"rendered":"<p><body><\/p>\n<\/p>\n<p><span class=\"text1noticias\">Sergio Sarita Valdez manifiesta oposici\u00f3n a la creaci\u00f3n de un museo en el que se alabe a Trujillo,<\/span><\/p>\n<\/p>\n<p><span class=\"text1noticias\">Santo Domingo.- Sergio Sarita Valdez, dirigente del Partido de la Liberaci\u00f3n Dominicana (PLD), califica de afrenta a la naci\u00f3n que se pretenda hacer una especie de museo que sirva de loas al r\u00e9gimen tir\u00e1nico de Trujillo y a este como personaje.<\/span><\/p>\n<\/p>\n<p><span class=\"text1noticias\">El reconocido medico pat\u00f3logo e intelectual se refiri\u00f3 al proyecto de ley  que crea el Museo Hist\u00f3rico a la Era de Trujillo, presentado en la c\u00e1mara baja por el dirigente del PRD, Leivin Guerrero, que se conoce en vistas publicas  en la comisi\u00f3n permanente  de cultura de la C\u00e1mara de Diputados.<\/span><\/p>\n<\/p>\n<p><span class=\"text1noticias\">\u00abNo vamos a aspirar a volver a una era como esa. Los pueblos avanzan\u00bb, coment\u00f3 Sarita Valdez al rechazar el proyecto, que a todas luces, deduce, procura ponderaciones y lisonjas al tirano<\/span><\/p>\n<\/p>\n<p><span class=\"text1noticias\">Dijo el profesional de la salud y dirigente pol\u00edtico que la sociedad de hoy  aspira a ser cada d\u00eda mas libre, democr\u00e1tica, equitativa y plural.<\/span><\/p>\n<\/p>\n<p><span class=\"text1noticias\">\u00abNo aspiramos a que se vuelvan a poner los grillos a suprimir las libertadas y volver a la tiran\u00eda\u00bb,  declar\u00f3 el doctor Sergio Sarita Valdez al programa radial acci\u00f3n matinal y que la Secretar\u00eda de Comunicaciones divulga en un parte de prensa.   <\/span><\/p>\n<\/p>\n<p><span class=\"text1noticias\">El dirigente pelede\u00edsta y articulista de los diarios nacionales al significar  que,  quien no conoce la historia est\u00e1 condenada a repetirla, record\u00f3  lo vivido en los treintiun a\u00f1os de gobierno de Rafael Leonidas Trujillo.  Fue un gobierno tir\u00e1nico y cruel, signific\u00f3.<\/span><\/p>\n<\/p>\n<p><span class=\"text1noticias\">\u00abLo poquito de bueno que pudiera tener ese tiempo oscuro no supera  la maldad de la supresi\u00f3n de las libertades, de la tortura a que se someti\u00f3 a la poblaci\u00f3n, la ausencia de libertades. Los muertos aun est\u00e1n frescos\u00bb, declar\u00f3 Sarita Valdez. <\/span><\/p>\n<\/p>\n<h6> 2010-11-09 19:59:57 <\/h6>\n<p><!--\n<link rel=\"stylesheet\" href=\"css\/bootstrap.min.css\">\n\n\n<ul class=\"pagination\">\n\t    \n\t\n\n<li >\n\t<a href='?page_no=30648'>Previous<\/a>\n\t<\/li>\n\n\n       \n    \n\n<li><a href='?page_no=1'>1<\/a><\/li>\n\n\n\n<li><a href='?page_no=2'>2<\/a><\/li>\n\n\n\n<li><a>...<\/a><\/li>\n\n\n\n<li><a href='?page_no=30647'>30647<\/a><\/li>\n\n\n\n<li><a href='?page_no=30648'>30648<\/a><\/li>\n\n\n\n<li class='active'><a>30649<\/a><\/li>\n\n\n\n<li><a href='?page_no=30650'>30650<\/a><\/li>\n\n\n\n<li><a href='?page_no=30651'>30651<\/a><\/li>\n\n\n\n<li><a>...<\/a><\/li>\n\n\n\n<li><a href='?page_no=31963'>31963<\/a><\/li>\n\n\n\n<li><a href='?page_no=31964'>31964<\/a><\/li>\n\n    \n\t\n\n<li >\n\t<a href='?page_no=30650'>Next<\/a>\n\t<\/li>\n\n\n    \n\n<li><a href='?page_no=31964'>Last &rsaquo;&rsaquo;<\/a><\/li>\n\n<\/ul>\n\n\n--><br \/>\n<\/body><\/p>\n","protected":false},"excerpt":{"rendered":"<p>Sergio Sarita Valdez manifiesta oposici\u00f3n a la creaci\u00f3n de un museo en el que se alabe a Trujillo, Santo Domingo.- Sergio Sarita Valdez, dirigente del Partido de la Liberaci\u00f3n Dominicana (PLD), califica de afrenta a la naci\u00f3n que se pretenda hacer una especie de museo que sirva de loas al r\u00e9gimen tir\u00e1nico de Trujillo y [&hellip;]<\/p>\n","protected":false},"author":3,"featured_media":0,"comment_status":"open","ping_status":"open","sticky":false,"template":"","format":"standard","meta":{"footnotes":""},"categories":[24],"tags":[],"class_list":["post-155481","post","type-post","status-publish","format-standard","hentry","category-justicia-y-derecho"],"_links":{"self":[{"href":"https:\/\/diariodominicano.com\/index.php?rest_route=\/wp\/v2\/posts\/155481","targetHints":{"allow":["GET"]}}],"collection":[{"href":"https:\/\/diariodominicano.com\/index.php?rest_route=\/wp\/v2\/posts"}],"about":[{"href":"https:\/\/diariodominicano.com\/index.php?rest_route=\/wp\/v2\/types\/post"}],"author":[{"embeddable":true,"href":"https:\/\/diariodominicano.com\/index.php?rest_route=\/wp\/v2\/users\/3"}],"replies":[{"embeddable":true,"href":"https:\/\/diariodominicano.com\/index.php?rest_route=%2Fwp%2Fv2%2Fcomments&post=155481"}],"version-history":[{"count":0,"href":"https:\/\/diariodominicano.com\/index.php?rest_route=\/wp\/v2\/posts\/155481\/revisions"}],"wp:attachment":[{"href":"https:\/\/diariodominicano.com\/index.php?rest_route=%2Fwp%2Fv2%2Fmedia&parent=155481"}],"wp:term":[{"taxonomy":"category","embeddable":true,"href":"https:\/\/diariodominicano.com\/index.php?rest_route=%2Fwp%2Fv2%2Fcategories&post=155481"},{"taxonomy":"post_tag","embeddable":true,"href":"https:\/\/diariodominicano.com\/index.php?rest_route=%2Fwp%2Fv2%2Ftags&post=155481"}],"curies":[{"name":"wp","href":"https:\/\/api.w.org\/{rel}","templated":true}]}}