{"id":155480,"date":"2010-11-09T20:43:08","date_gmt":"2010-11-09T20:43:08","guid":{"rendered":"http:\/\/diariodominicano.ddns.net\/?p=155480"},"modified":"2010-11-09T20:43:08","modified_gmt":"2010-11-09T20:43:08","slug":"falpo-suspende-llamado-a-huelga-en-sfm","status":"publish","type":"post","link":"https:\/\/diariodominicano.com\/?p=155480","title":{"rendered":"FALPO suspende llamado a huelga en SFM"},"content":{"rendered":"<p><body><\/p>\n<p><img decoding=\"async\" src=\"img3\/falpo.JPG\" \/>  <\/p>\n<p><strong><span class=\"text1noticias\">San francisco. RD 9 nov.2010.<\/span><\/strong><span class=\"text1noticias\">-El Frente Amplio de Lucha Popular, FALPO, suspendi\u00f3 hoy el llamado a huelga en San Francisco de Macor\u00eds para los d\u00edas 9 y 10 de noviembre, luego de que las autoridades arribaran a esta ciudad con los equipos necesarios para dar inicio a los trabajos  que se comprometieron en la reuni\u00f3n del pasado viernes con la nueva coordinaci\u00f3n del movimiento popular progresista. <\/span><\/p>\n<\/p>\n<p><span class=\"text1noticias\">Ra\u00fal Monegro, coordinador del FALPO, hizo el anuncio del levantamiento de la huelga, en nombre de la nueva coordinaci\u00f3n del movimiento popular, despu\u00e9s de la llegada de los equipos y tras el encuentro con Cesar Fern\u00e1ndez, del Consejo de Desarrollo Provincial, quien vino desde Santo Domingo en representaci\u00f3n de las autoridades del gobierno, quien estuvo acompa\u00f1ado de Luz Selene Plata, Gobernadora de la Provincia Duarte.<\/span><\/p>\n<\/p>\n<p><span class=\"text1noticias\">Cesar Fern\u00e1ndez, tras ser sometido a una serie de interrogantes por parte de la coordinaci\u00f3n popular, dijo que el programa de asfaltado que arrancaba en ese momento, consistir\u00eda en pavimentar un 50% de los 26 kil\u00f3metros que se ha calculado faltan en los distintos barrios de San Francisco de Macor\u00eds, a ser terminados en el mes de diciembre de este a\u00f1o, mientras la parte restante se completar\u00eda el pr\u00f3ximo a\u00f1o.<\/span><\/p>\n<\/p>\n<p><span class=\"text1noticias\">Explic\u00f3 que para los laboratorios de Ingenier\u00eda Civil para el CURNE, la nueva coordinaci\u00f3n del movimiento popular debe someter el listado de los equipos para proceder a ser comprados inmediatamente, pues los que actualmente disponibles en el Ministerio de Obras P\u00fablicas son muy sofisticados para estudiantes.<\/span><\/p>\n<\/p>\n<p><span class=\"text1noticias\">Reiter\u00f3 el compromiso con el asentamiento agrario en Mirabel, con el comedor econ\u00f3mico estudiantil para el CURNE, a iniciarse y completarse el a\u00f1o pr\u00f3ximo, mientras que en relaci\u00f3n al saneamiento y escarchado de la Ca\u00f1ada Grande, se enviar\u00e1 un t\u00e9cnico a realizar evaluaci\u00f3n correspondiente.<\/span><\/p>\n<\/p>\n<p><span class=\"text1noticias\">Fern\u00e1ndez anunci\u00f3 que el d\u00eda de ma\u00f1ana, 9 de noviembre, cuando estaba planteado el inicio de la huelga, se declarar\u00e1 de emergencia la construcci\u00f3n de la carretera La Guazuma-La Bajada, a fin de que sin demora, se adjudique la obra a un contratista y los trabajos se comiencen inmediatamente. <\/span><\/p>\n<p><span class=\"text1noticias\"> <\/span><\/p>\n<p><span class=\"text1noticias\">Adem\u00e1s, este mismo d\u00eda se proceder\u00e1 a los trabajos de limpieza de los terrenos en que se construir\u00e1 el liceo de la salida a Tenares, pero record\u00f3 que deben agotar los procedimientos de rigor en cuanto a la asignaci\u00f3n de la obra, pues los recursos provienen del banco Interamericano de desarrollo (BID). <\/span><\/p>\n<\/p>\n<p><span class=\"text1noticias\">Por su parte Ra\u00fal Monegro, coordinador del FALPO y vocero de la nueva coordinaci\u00f3n del movimiento popular, se\u00f1al\u00f3 que se le est\u00e1 dado la oportunidad oro a las autoridades, dentro de la gran desconfianza que se han ganado por sus reiteradas promesas e incumplimientos, para que resuelva y no lleven a este pueblo al supremo recurso  de la huelga, record\u00e1ndoles a las autoridades que no han hipotecado ni renunciado al derecho a la protesta.<\/span><\/p>\n<\/p>\n<p><span class=\"text1noticias\">\u00a8La direcci\u00f3n  de la nueva Coordinaci\u00f3n del Movimiento Popular Progresista de San Francisco de Macor\u00eds nos mantendremos vigilantes y d\u00e1ndole seguimiento a los trabajos en el d\u00eda a d\u00eda.   Esperamos que las autoridades cumplan cabalmente con el acuerdo arribado en relaci\u00f3n con cada una de las obras, lo cual es la \u00fanica garant\u00eda de mantener la tranquilidad de las comunidades y sectores que esperan la realizaci\u00f3n de las mismas, para mantener la tranquilidad\u00a8, puntualiz\u00f3 Ra\u00fal Monegro.<\/span><\/p>\n<\/p>\n<\/p>\n<h6> 2010-11-09 20:43:08 <\/h6>\n<p><!--\n<link rel=\"stylesheet\" href=\"css\/bootstrap.min.css\">\n\n\n<ul class=\"pagination\">\n\t    \n\t\n\n<li >\n\t<a href='?page_no=30647'>Previous<\/a>\n\t<\/li>\n\n\n       \n    \n\n<li><a href='?page_no=1'>1<\/a><\/li>\n\n\n\n<li><a href='?page_no=2'>2<\/a><\/li>\n\n\n\n<li><a>...<\/a><\/li>\n\n\n\n<li><a href='?page_no=30646'>30646<\/a><\/li>\n\n\n\n<li><a href='?page_no=30647'>30647<\/a><\/li>\n\n\n\n<li class='active'><a>30648<\/a><\/li>\n\n\n\n<li><a href='?page_no=30649'>30649<\/a><\/li>\n\n\n\n<li><a href='?page_no=30650'>30650<\/a><\/li>\n\n\n\n<li><a>...<\/a><\/li>\n\n\n\n<li><a href='?page_no=31963'>31963<\/a><\/li>\n\n\n\n<li><a href='?page_no=31964'>31964<\/a><\/li>\n\n    \n\t\n\n<li >\n\t<a href='?page_no=30649'>Next<\/a>\n\t<\/li>\n\n\n    \n\n<li><a href='?page_no=31964'>Last &rsaquo;&rsaquo;<\/a><\/li>\n\n<\/ul>\n\n\n--><br \/>\n<\/body><\/p>\n","protected":false},"excerpt":{"rendered":"<p>San francisco. RD 9 nov.2010.-El Frente Amplio de Lucha Popular, FALPO, suspendi\u00f3 hoy el llamado a huelga en San Francisco de Macor\u00eds para los d\u00edas 9 y 10 de noviembre, luego de que las autoridades arribaran a esta ciudad con los equipos necesarios para dar inicio a los trabajos que se comprometieron en la reuni\u00f3n [&hellip;]<\/p>\n","protected":false},"author":3,"featured_media":0,"comment_status":"open","ping_status":"open","sticky":false,"template":"","format":"standard","meta":{"footnotes":""},"categories":[24],"tags":[],"class_list":["post-155480","post","type-post","status-publish","format-standard","hentry","category-justicia-y-derecho"],"_links":{"self":[{"href":"https:\/\/diariodominicano.com\/index.php?rest_route=\/wp\/v2\/posts\/155480","targetHints":{"allow":["GET"]}}],"collection":[{"href":"https:\/\/diariodominicano.com\/index.php?rest_route=\/wp\/v2\/posts"}],"about":[{"href":"https:\/\/diariodominicano.com\/index.php?rest_route=\/wp\/v2\/types\/post"}],"author":[{"embeddable":true,"href":"https:\/\/diariodominicano.com\/index.php?rest_route=\/wp\/v2\/users\/3"}],"replies":[{"embeddable":true,"href":"https:\/\/diariodominicano.com\/index.php?rest_route=%2Fwp%2Fv2%2Fcomments&post=155480"}],"version-history":[{"count":0,"href":"https:\/\/diariodominicano.com\/index.php?rest_route=\/wp\/v2\/posts\/155480\/revisions"}],"wp:attachment":[{"href":"https:\/\/diariodominicano.com\/index.php?rest_route=%2Fwp%2Fv2%2Fmedia&parent=155480"}],"wp:term":[{"taxonomy":"category","embeddable":true,"href":"https:\/\/diariodominicano.com\/index.php?rest_route=%2Fwp%2Fv2%2Fcategories&post=155480"},{"taxonomy":"post_tag","embeddable":true,"href":"https:\/\/diariodominicano.com\/index.php?rest_route=%2Fwp%2Fv2%2Ftags&post=155480"}],"curies":[{"name":"wp","href":"https:\/\/api.w.org\/{rel}","templated":true}]}}