{"id":155478,"date":"2010-11-09T21:05:52","date_gmt":"2010-11-09T21:05:52","guid":{"rendered":"http:\/\/diariodominicano.ddns.net\/?p=155478"},"modified":"2010-11-09T21:05:52","modified_gmt":"2010-11-09T21:05:52","slug":"lucha-contra-epidemia-colera-es-de-seguridad-nacional-en-haiti","status":"publish","type":"post","link":"https:\/\/diariodominicano.com\/?p=155478","title":{"rendered":"&#13;&#13;&#13;Lucha contra  epidemia c\u00f3lera, es de seguridad nacional en Hait\u00ed"},"content":{"rendered":"<p><body><\/p>\n<p><img decoding=\"async\" src=\"http:\/\/localhost:8080\/justiciayderecho\/img3\/haitiano enfermo colera.jpg\" \/>  <\/p>\n<\/p>\n<p><span class=\"text1noticias\">Puerto Pr\u00edncipe.-Las autoridades sanitarias de Hait\u00ed declararon hoy \u00abproblema de seguridad nacional\u00bb la epidemia de c\u00f3lera que afecta el pa\u00eds y que ha dejado 583 muertos, entre ellos uno en el sector Cit\u00e9 Soleil, en la periferia norte de la capital.<\/span><\/p>\n<\/p>\n<p><span class=\"text1noticias\">\u00abYa la epidemia pas\u00f3 a ser m\u00e1s que una simple urgencia humanitaria y es un problema de seguridad nacional\u00bb, declar\u00f3 en una rueda de prensa el director general del Ministerio de Salud P\u00fablica y Poblaci\u00f3n (MSPP), Gabriel Timoth\u00e9e.<\/span><\/p>\n<\/p>\n<p><span class=\"text1noticias\">Entre el informe de hoy, fechado el 7 de noviembre, y el difundido ayer, con fecha del d\u00eda 6, fallecieron 39 personas.<\/span><\/p>\n<\/p>\n<p><span class=\"text1noticias\">Seg\u00fan el documentado presentado por Timoth\u00e9e, 9.123 personas han sido hospitalizadas en diferentes regiones a causa de la enfermedad, cuyos primeros casos se informaron el 19 de octubre.<\/span><\/p>\n<\/p>\n<p><span class=\"text1noticias\">\u00abTomar\u00e1 mucho tiempo poder controlar esta epidemia\u00bb, reconoci\u00f3 el funcionario, que mostr\u00f3 preocupaci\u00f3n por la propagaci\u00f3n a regiones que no hab\u00edan sido afectadas.<\/span><\/p>\n<\/p>\n<p><span class=\"text1noticias\">Es el caso del sur del pa\u00eds donde se identificaron cuatro personas sospechosas de sufrir la enfermedad, pero que, seg\u00fan dijo, est\u00e1n \u00abestabilizadas\u00bb.<\/span><\/p>\n<\/p>\n<p><span class=\"text1noticias\">Timoth\u00e9e revel\u00f3 adem\u00e1s que entre el 22 de octubre y el 7 de noviembre en el popular barrio de Cit\u00e9 Soleil, en la periferia norte de la capital, se recibieron 115 casos, de los cuales uno muri\u00f3.<\/span><\/p>\n<\/p>\n<p><span class=\"text1noticias\">Igualmente se detectaron casos en lugares que estaban libres de la enfermedad en el departamento Artibonite (norte), la zona m\u00e1s afectada por el brote.<\/span><\/p>\n<\/p>\n<p><span class=\"text1noticias\">En Alto Artibonite, donde se encuentra la capital departamental Gonaives, se registraron alrededor de cien casos y varios muertos, seg\u00fan la fuente.<\/span><\/p>\n<\/p>\n<p><span class=\"text1noticias\">En el norte, tambi\u00e9n hay una preocupaci\u00f3n en Limb\u00e9 y Pilate donde se han presentado \u00abmuchos casos\u00bb, dijo el director general de MSPP.<\/span><\/p>\n<\/p>\n<p><span class=\"text1noticias\">Sin embargo, en los primeros focos de c\u00f3lera detectados en Artibonite y el este no se han registrado muertos en los \u00faltimos d\u00edas, subray\u00f3.<\/span><\/p>\n<\/p>\n<p><span class=\"text1noticias\">En todas las regiones donde los casos se han multiplicado \u00abhay problema de higiene\u00bb agreg\u00f3 y llam\u00f3 a \u00abreforzar la sensibilizaci\u00f3n\u00bb para enfrentar un \u00abproblema nacional\u00bb.<\/span><\/p>\n<\/p>\n<p><span class=\"text1noticias\">Las autoridades de Salud P\u00fablica informaron de que est\u00e1n desarrollando Centros de Tratamientos de C\u00f3lera (CTC) y reforzando los hospitales p\u00fablicos y privados para combatir la epidemia.<\/span><\/p>\n<\/p>\n<p><span class=\"text1noticias\">En regiones como Saint Marc (Artibonite) la poblaci\u00f3n que tiene \u00abmiedo\u00bb de contaminaci\u00f3n ha rechazado la instalaci\u00f3n de un CTC.<\/span><\/p>\n<\/p>\n<p><span class=\"text1noticias\">\u00abEs un gran problema\u00bb, opin\u00f3 Joscelyne Pierre-Louis, directora de Promoci\u00f3n de la Familia en el MSPP, quien pidi\u00f3 \u00abevitar la discriminaci\u00f3n\u00bb.<\/span><\/p>\n<\/p>\n<h6> 2010-11-09 21:05:52 <\/h6>\n<p><!--\n<link rel=\"stylesheet\" href=\"css\/bootstrap.min.css\">\n\n\n<ul class=\"pagination\">\n\t    \n\t\n\n<li >\n\t<a href='?page_no=30645'>Previous<\/a>\n\t<\/li>\n\n\n       \n    \n\n<li><a href='?page_no=1'>1<\/a><\/li>\n\n\n\n<li><a href='?page_no=2'>2<\/a><\/li>\n\n\n\n<li><a>...<\/a><\/li>\n\n\n\n<li><a href='?page_no=30644'>30644<\/a><\/li>\n\n\n\n<li><a href='?page_no=30645'>30645<\/a><\/li>\n\n\n\n<li class='active'><a>30646<\/a><\/li>\n\n\n\n<li><a href='?page_no=30647'>30647<\/a><\/li>\n\n\n\n<li><a href='?page_no=30648'>30648<\/a><\/li>\n\n\n\n<li><a>...<\/a><\/li>\n\n\n\n<li><a href='?page_no=31963'>31963<\/a><\/li>\n\n\n\n<li><a href='?page_no=31964'>31964<\/a><\/li>\n\n    \n\t\n\n<li >\n\t<a href='?page_no=30647'>Next<\/a>\n\t<\/li>\n\n\n    \n\n<li><a href='?page_no=31964'>Last &rsaquo;&rsaquo;<\/a><\/li>\n\n<\/ul>\n\n\n--><br \/>\n<\/body><\/p>\n","protected":false},"excerpt":{"rendered":"<p>Puerto Pr\u00edncipe.-Las autoridades sanitarias de Hait\u00ed declararon hoy \u00abproblema de seguridad nacional\u00bb la epidemia de c\u00f3lera que afecta el pa\u00eds y que ha dejado 583 muertos, entre ellos uno en el sector Cit\u00e9 Soleil, en la periferia norte de la capital. \u00abYa la epidemia pas\u00f3 a ser m\u00e1s que una simple urgencia humanitaria y es [&hellip;]<\/p>\n","protected":false},"author":3,"featured_media":0,"comment_status":"open","ping_status":"open","sticky":false,"template":"","format":"standard","meta":{"footnotes":""},"categories":[24],"tags":[],"class_list":["post-155478","post","type-post","status-publish","format-standard","hentry","category-justicia-y-derecho"],"_links":{"self":[{"href":"https:\/\/diariodominicano.com\/index.php?rest_route=\/wp\/v2\/posts\/155478","targetHints":{"allow":["GET"]}}],"collection":[{"href":"https:\/\/diariodominicano.com\/index.php?rest_route=\/wp\/v2\/posts"}],"about":[{"href":"https:\/\/diariodominicano.com\/index.php?rest_route=\/wp\/v2\/types\/post"}],"author":[{"embeddable":true,"href":"https:\/\/diariodominicano.com\/index.php?rest_route=\/wp\/v2\/users\/3"}],"replies":[{"embeddable":true,"href":"https:\/\/diariodominicano.com\/index.php?rest_route=%2Fwp%2Fv2%2Fcomments&post=155478"}],"version-history":[{"count":0,"href":"https:\/\/diariodominicano.com\/index.php?rest_route=\/wp\/v2\/posts\/155478\/revisions"}],"wp:attachment":[{"href":"https:\/\/diariodominicano.com\/index.php?rest_route=%2Fwp%2Fv2%2Fmedia&parent=155478"}],"wp:term":[{"taxonomy":"category","embeddable":true,"href":"https:\/\/diariodominicano.com\/index.php?rest_route=%2Fwp%2Fv2%2Fcategories&post=155478"},{"taxonomy":"post_tag","embeddable":true,"href":"https:\/\/diariodominicano.com\/index.php?rest_route=%2Fwp%2Fv2%2Ftags&post=155478"}],"curies":[{"name":"wp","href":"https:\/\/api.w.org\/{rel}","templated":true}]}}