{"id":155477,"date":"2010-11-09T21:39:41","date_gmt":"2010-11-09T21:39:41","guid":{"rendered":"http:\/\/diariodominicano.ddns.net\/?p=155477"},"modified":"2010-11-09T21:39:41","modified_gmt":"2010-11-09T21:39:41","slug":"abren-transito-por-avenida-john-f-kennedy","status":"publish","type":"post","link":"https:\/\/diariodominicano.com\/?p=155477","title":{"rendered":"Abren tr\u00e1nsito por avenida John F. Kennedy"},"content":{"rendered":"<p><body><\/p>\n<\/p>\n<p><span class=\"text1noticias\">Santo Domingo.-El Ministerio de Obras P\u00fablicas dispuso la apertura del tr\u00e1nsito en la avenida John F. Kennedy con Fernando Defill\u00f3 debajo del elevado para facilitar el desplazamiento de los veh\u00edculos que circulan por ambas v\u00edas. <\/span><\/p>\n<\/p>\n<p><span class=\"text1noticias\">A trav\u00e9s de un comunicado, el ministro de Obras P\u00fablicas, V\u00edctor D\u00edaz R\u00faa inform\u00f3 que los tapones que se originan en la zona son responsabilidad de la Oficina para el Reordenamiento del Transporte (Opret) que construye la II l\u00ednea del Metro.<\/span><\/p>\n<\/p>\n<p><span class=\"text1noticias\">Dijo que para facilitar el desplazamiento de los veh\u00edculos establecieron la siguiente gu\u00eda: los veh\u00edculos que transitan desde la avenida Winston Churchill hacia Luper\u00f3n por la John Kennedy podr\u00e1n girar a la izquierda por debajo de elevado para entrar a la avenida Doctor Defill\u00f3, al mismo tiempo los que transiten en direcci\u00f3n Este-Oeste podr\u00e1n girar hacia la derecha desde la John F. Kennedy hacia la avenida Jardines de Versailles.    <\/span><\/p>\n<\/p>\n<p><span class=\"text1noticias\">Con relaci\u00f3n a los veh\u00edculos que se desplazan desde  la avenida Luper\u00f3n hacia la Winston Churchill por la John F. Kennedy, podr\u00e1n girar en U por debajo del elevado para regresar hacia la avenida N\u00fa\u00f1ez de C\u00e1ceres o girar a la izquierda para entrar a los Jardines de Fountainebleau.<\/span><\/p>\n<\/p>\n<p><span class=\"text1noticias\">Mientras que los que transiten por la avenida Jardines Fountainebleau en direcci\u00f3n Norte-Sur, podr\u00e1n girar a la derecha hacia la avenida N\u00fa\u00f1ez de C\u00e1ceres o cruzar por debajo del elevado para entrar a la avenida Doctor Defill\u00f3 o girar a la izquierda con direcci\u00f3n hacia la avenida Winston Churchill.     <\/span><\/p>\n<p><span class=\"text1noticias\">     . <\/span><\/p>\n<p><span class=\"text1noticias\"> Elevado est\u00e1 casi terminado <\/span><\/p>\n<\/p>\n<p><span class=\"text1noticias\">Obras P\u00fablicas inform\u00f3 adem\u00e1s que  los trabajos del elevado John F. Kennedy con Doctor  Fernando Defill\u00f3 (frente a Teleantillas) est\u00e1n concluidos casi en su totalidad y si las condiciones del tiempo lo permiten ser\u00e1 puesto en funcionamiento pr\u00f3ximamente.<\/span><\/p>\n<\/p>\n<h6> 2010-11-09 21:39:41 <\/h6>\n<p><!--\n<link rel=\"stylesheet\" href=\"css\/bootstrap.min.css\">\n\n\n<ul class=\"pagination\">\n\t    \n\t\n\n<li >\n\t<a href='?page_no=30644'>Previous<\/a>\n\t<\/li>\n\n\n       \n    \n\n<li><a href='?page_no=1'>1<\/a><\/li>\n\n\n\n<li><a href='?page_no=2'>2<\/a><\/li>\n\n\n\n<li><a>...<\/a><\/li>\n\n\n\n<li><a href='?page_no=30643'>30643<\/a><\/li>\n\n\n\n<li><a href='?page_no=30644'>30644<\/a><\/li>\n\n\n\n<li class='active'><a>30645<\/a><\/li>\n\n\n\n<li><a href='?page_no=30646'>30646<\/a><\/li>\n\n\n\n<li><a href='?page_no=30647'>30647<\/a><\/li>\n\n\n\n<li><a>...<\/a><\/li>\n\n\n\n<li><a href='?page_no=31963'>31963<\/a><\/li>\n\n\n\n<li><a href='?page_no=31964'>31964<\/a><\/li>\n\n    \n\t\n\n<li >\n\t<a href='?page_no=30646'>Next<\/a>\n\t<\/li>\n\n\n    \n\n<li><a href='?page_no=31964'>Last &rsaquo;&rsaquo;<\/a><\/li>\n\n<\/ul>\n\n\n--><br \/>\n<\/body><\/p>\n","protected":false},"excerpt":{"rendered":"<p>Santo Domingo.-El Ministerio de Obras P\u00fablicas dispuso la apertura del tr\u00e1nsito en la avenida John F. Kennedy con Fernando Defill\u00f3 debajo del elevado para facilitar el desplazamiento de los veh\u00edculos que circulan por ambas v\u00edas. A trav\u00e9s de un comunicado, el ministro de Obras P\u00fablicas, V\u00edctor D\u00edaz R\u00faa inform\u00f3 que los tapones que se originan [&hellip;]<\/p>\n","protected":false},"author":3,"featured_media":0,"comment_status":"open","ping_status":"open","sticky":false,"template":"","format":"standard","meta":{"footnotes":""},"categories":[24],"tags":[],"class_list":["post-155477","post","type-post","status-publish","format-standard","hentry","category-justicia-y-derecho"],"_links":{"self":[{"href":"https:\/\/diariodominicano.com\/index.php?rest_route=\/wp\/v2\/posts\/155477","targetHints":{"allow":["GET"]}}],"collection":[{"href":"https:\/\/diariodominicano.com\/index.php?rest_route=\/wp\/v2\/posts"}],"about":[{"href":"https:\/\/diariodominicano.com\/index.php?rest_route=\/wp\/v2\/types\/post"}],"author":[{"embeddable":true,"href":"https:\/\/diariodominicano.com\/index.php?rest_route=\/wp\/v2\/users\/3"}],"replies":[{"embeddable":true,"href":"https:\/\/diariodominicano.com\/index.php?rest_route=%2Fwp%2Fv2%2Fcomments&post=155477"}],"version-history":[{"count":0,"href":"https:\/\/diariodominicano.com\/index.php?rest_route=\/wp\/v2\/posts\/155477\/revisions"}],"wp:attachment":[{"href":"https:\/\/diariodominicano.com\/index.php?rest_route=%2Fwp%2Fv2%2Fmedia&parent=155477"}],"wp:term":[{"taxonomy":"category","embeddable":true,"href":"https:\/\/diariodominicano.com\/index.php?rest_route=%2Fwp%2Fv2%2Fcategories&post=155477"},{"taxonomy":"post_tag","embeddable":true,"href":"https:\/\/diariodominicano.com\/index.php?rest_route=%2Fwp%2Fv2%2Ftags&post=155477"}],"curies":[{"name":"wp","href":"https:\/\/api.w.org\/{rel}","templated":true}]}}