{"id":155474,"date":"2010-11-09T22:23:35","date_gmt":"2010-11-09T22:23:35","guid":{"rendered":"http:\/\/diariodominicano.ddns.net\/?p=155474"},"modified":"2010-11-09T22:23:35","modified_gmt":"2010-11-09T22:23:35","slug":"bid-aprueba-us30-millones-para-tecnologia-agricola","status":"publish","type":"post","link":"https:\/\/diariodominicano.com\/?p=155474","title":{"rendered":"&#13;&#13;&#13;BID aprueba US$30 millones para tecnolog\u00eda agr\u00edcola"},"content":{"rendered":"<p><body><\/p>\n<\/p>\n<p><span class=\"text1noticias\">Washington.- El Banco Interamericano de Desarrollo (BID) aprob\u00f3 un pr\u00e9stamo de 30 millones de d\u00f3lares a la Rep\u00fablica Dominicana para un programa de tecnolog\u00eda agr\u00edcola destinado a peque\u00f1os productores. Seg\u00fan un comunicado divulgado hoy por la instituci\u00f3n financiera, el plan consistir\u00e1 en proveer mecanismos para implementar tecnolog\u00eda efectiva a unos 9.400 agricultores.<\/span><\/p>\n<\/p>\n<p><span class=\"text1noticias\">Las ayudas tambi\u00e9n tendr\u00e1n un componente de g\u00e9nero a la hora de ser distribuidas, seg\u00fan el Banco, que intentar\u00e1 captar de forma especial a mujeres agricultoras.<\/span><\/p>\n<\/p>\n<p><span class=\"text1noticias\">La agricultura es un sector clave para el pa\u00eds caribe\u00f1o, donde un tercio de su poblaci\u00f3n vive en \u00e1reas rurales. En esas zonas la pobreza alcanza un 56 por ciento de su habitantes.<\/span><\/p>\n<\/p>\n<p><span class=\"text1noticias\">Una gran mayor\u00eda de esa poblaci\u00f3n son peque\u00f1os agricultores que tienen menos de 6,3 hect\u00e1reas de tierra. El Banco ha dirigido planes para ese colectivo durante la \u00faltima d\u00e9cada, sobre todo invirtiendo en sistemas de riego a goteo.<\/span><\/p>\n<\/p>\n<p><span class=\"text1noticias\">Por otra parte, el Banco y el Gobierno dominicano preparan otro programa para servicios de salud para los cultivos y la ganader\u00eda, y medidas de seguridad alimentaria.<\/span><\/p>\n<\/p>\n<p><span class=\"text1noticias\">El pr\u00e9stamo tiene un plazo de pago de 25 a\u00f1os y cuenta con un per\u00edodo de gracia de cinco a\u00f1os y un inter\u00e9s basado en el \u00edndice del Libor.<\/span><\/p>\n<\/p>\n<p><span class=\"text1noticias\">Adem\u00e1s, el Gobierno dominicano contribuir\u00e1 al programa de ayudas a los peque\u00f1os agricultores con una partida del Ministerio de Agricultura de 4,3 millones de d\u00f3lares.<\/span><\/p>\n<\/p>\n<h6> 2010-11-09 22:23:35 <\/h6>\n<p><!--\n<link rel=\"stylesheet\" href=\"css\/bootstrap.min.css\">\n\n\n<ul class=\"pagination\">\n\t    \n\t\n\n<li >\n\t<a href='?page_no=30641'>Previous<\/a>\n\t<\/li>\n\n\n       \n    \n\n<li><a href='?page_no=1'>1<\/a><\/li>\n\n\n\n<li><a href='?page_no=2'>2<\/a><\/li>\n\n\n\n<li><a>...<\/a><\/li>\n\n\n\n<li><a href='?page_no=30640'>30640<\/a><\/li>\n\n\n\n<li><a href='?page_no=30641'>30641<\/a><\/li>\n\n\n\n<li class='active'><a>30642<\/a><\/li>\n\n\n\n<li><a href='?page_no=30643'>30643<\/a><\/li>\n\n\n\n<li><a href='?page_no=30644'>30644<\/a><\/li>\n\n\n\n<li><a>...<\/a><\/li>\n\n\n\n<li><a href='?page_no=31963'>31963<\/a><\/li>\n\n\n\n<li><a href='?page_no=31964'>31964<\/a><\/li>\n\n    \n\t\n\n<li >\n\t<a href='?page_no=30643'>Next<\/a>\n\t<\/li>\n\n\n    \n\n<li><a href='?page_no=31964'>Last &rsaquo;&rsaquo;<\/a><\/li>\n\n<\/ul>\n\n\n--><br \/>\n<\/body><\/p>\n","protected":false},"excerpt":{"rendered":"<p>Washington.- El Banco Interamericano de Desarrollo (BID) aprob\u00f3 un pr\u00e9stamo de 30 millones de d\u00f3lares a la Rep\u00fablica Dominicana para un programa de tecnolog\u00eda agr\u00edcola destinado a peque\u00f1os productores. Seg\u00fan un comunicado divulgado hoy por la instituci\u00f3n financiera, el plan consistir\u00e1 en proveer mecanismos para implementar tecnolog\u00eda efectiva a unos 9.400 agricultores. Las ayudas tambi\u00e9n [&hellip;]<\/p>\n","protected":false},"author":3,"featured_media":0,"comment_status":"open","ping_status":"open","sticky":false,"template":"","format":"standard","meta":{"footnotes":""},"categories":[24],"tags":[],"class_list":["post-155474","post","type-post","status-publish","format-standard","hentry","category-justicia-y-derecho"],"_links":{"self":[{"href":"https:\/\/diariodominicano.com\/index.php?rest_route=\/wp\/v2\/posts\/155474","targetHints":{"allow":["GET"]}}],"collection":[{"href":"https:\/\/diariodominicano.com\/index.php?rest_route=\/wp\/v2\/posts"}],"about":[{"href":"https:\/\/diariodominicano.com\/index.php?rest_route=\/wp\/v2\/types\/post"}],"author":[{"embeddable":true,"href":"https:\/\/diariodominicano.com\/index.php?rest_route=\/wp\/v2\/users\/3"}],"replies":[{"embeddable":true,"href":"https:\/\/diariodominicano.com\/index.php?rest_route=%2Fwp%2Fv2%2Fcomments&post=155474"}],"version-history":[{"count":0,"href":"https:\/\/diariodominicano.com\/index.php?rest_route=\/wp\/v2\/posts\/155474\/revisions"}],"wp:attachment":[{"href":"https:\/\/diariodominicano.com\/index.php?rest_route=%2Fwp%2Fv2%2Fmedia&parent=155474"}],"wp:term":[{"taxonomy":"category","embeddable":true,"href":"https:\/\/diariodominicano.com\/index.php?rest_route=%2Fwp%2Fv2%2Fcategories&post=155474"},{"taxonomy":"post_tag","embeddable":true,"href":"https:\/\/diariodominicano.com\/index.php?rest_route=%2Fwp%2Fv2%2Ftags&post=155474"}],"curies":[{"name":"wp","href":"https:\/\/api.w.org\/{rel}","templated":true}]}}