{"id":155472,"date":"2010-11-10T17:42:07","date_gmt":"2010-11-10T17:42:07","guid":{"rendered":"http:\/\/diariodominicano.ddns.net\/?p=155472"},"modified":"2010-11-10T17:42:07","modified_gmt":"2010-11-10T17:42:07","slug":"udc-gestiona-ayuda-para-cabildo-locales-en-la-alcaldia-de-puerto-rico","status":"publish","type":"post","link":"https:\/\/diariodominicano.com\/?p=155472","title":{"rendered":"-UDC- Gestiona  ayuda para Cabildo Locales en la Alcald\u00eda de Puerto Rico"},"content":{"rendered":"<p><body><\/p>\n<p><img decoding=\"async\" src=\"http:\/\/localhost:8080\/justiciayderecho\/img3\/LuisAcostaMoreta y Alc,SanJuanPR.JPG\" \/>  <\/p>\n<p><span class=\"text1noticias\">SAN JUAN, PUERTO RICO, 10 nov 2010.- La Uni\u00f3n Dem\u00f3crata Cristiana ?UDC inici\u00f3 en Puerto Rico una serie de gestiones en busca de ayuda para optimizar las labores municipales de varios ayuntamientos donde ese partido logr\u00f3 alg\u00fan tipo de representaci\u00f3n pol\u00edtica en las pasadas elecciones del 16 de mayo. <\/span><\/p>\n<p><span class=\"text1noticias\"> <\/span><\/p>\n<p><span class=\"text1noticias\">Lu\u00eds Acosta Moreta, presidente de la -UDC-, en compa\u00f1\u00eda del Alcalde de Cabral, Tom\u00e1s S\u00e1nchez -LA BUJIA-, visitaron Las Alcald\u00edas de Juncos y San Juan, en Puerto Rico, donde se reunieron con los incumbentes de ambos ayuntamientos, Alfredo Alejandro Carri\u00f3n -PAPO-, y Jorge Santini, quienes prometieron cooperar con equipos y maquinarias.<\/span><\/p>\n<\/p>\n<p><span class=\"text1noticias\">En El Municipio Aut\u00f3nomo de Juncos, El Alcalde Papo Alejandro Carri\u00f3n se interes\u00f3 por conocer con que presupuesto financiero trabaja el Ayuntamiento del Municipio de Cabral, controlado por La Uni\u00f3n Dem\u00f3crata Cristiana -UDC-, y luego de escuchar las explicaciones de Tom\u00e1s S\u00e1nchez y Lu\u00eds El Gallo, orden\u00f3 un inventario de equipos en el cabildo que dirige desde hace seis a\u00f1os para luego determinar las contribuciones que har\u00e1 a La Acald\u00eda de Cabral.<\/span><\/p>\n<\/p>\n<p><span class=\"text1noticias\">El funcionario municipal no descart\u00f3 la posibilidad de hacer llegar hasta Cabral camiones compactadores, ambulancias, carros f\u00fanebres, maquinarias pesadas y otros equipos para ese municipio de La Provincia Barahona, en El Sur de Rep\u00fablica Dominicana.<\/span><\/p>\n<p><span class=\"text1noticias\"> <\/span><\/p>\n<p><span class=\"text1noticias\">Igual promesa hizo a los visitantes el Alcalde de San Juan, Jorge Santini, quien asegur\u00f3 tener listo en dos semanas el primer env\u00edo de equipos y maquinarias a Rep\u00fablica Dominicana, luego de ser inventariados y revisados por los mec\u00e1nicos para que lleguen a Santo Domingo en condiciones de comenzar a operar con ellos de inmediato.<\/span><\/p>\n<\/p>\n<p><span class=\"text1noticias\">Lu\u00eds Acosta Moreta les inform\u00f3 a Jorge Santini y Papo Alejandro Carri\u00f3n que en Rep\u00fablica Dominicana los ayuntamientos de comunidades peque\u00f1as y apartadas operan con grandes precariedades financieras por las limitaciones de recursos, y se invierte muy poco en el desarrollo humano y municipal, dos facetas prioritarias para desarrollar los gobiernos locales.<\/span><\/p>\n<\/p>\n<p><span class=\"text1noticias\"> <\/span><\/p>\n<p><span class=\"text1noticias\">De su lado, el Alcalde de Cabral, Tom\u00e1s S\u00e1nchez, garantiz\u00f3 que las ayudas y donaciones que se reciban ser\u00e1n utilizadas en la exclusiva tarea de resolver los problemas municipales.<\/span><\/p>\n<p><span class=\"text1noticias\"> <\/span><\/p>\n<p><span class=\"text1noticias\">El Ayuntamiento de San Juan, capital de Puerto Rico, con cerca de medio mill\u00f3n de habitantes, opera con un presupuesto de 763 millones de d\u00f3lares anuales, mientras que La Alcald\u00eda de Juncos recibe cada a\u00f1o 32 millones de d\u00f3lares.<\/span><\/p>\n<p><span class=\"text1noticias\"> <\/span><\/p>\n<p><span class=\"text1noticias\">Los alcaldes de ambos municipios fueron invitados por Tom\u00e1s S\u00e1nchez a visitar el Municipio de Cabral, en Rep\u00fablica Dominicana, y dar inicio a una serie de intercambios culturales entre las alcald\u00edas de ambos pa\u00edses.<\/span><\/p>\n<p><span class=\"text1noticias\"> <\/span><\/p>\n<p><span class=\"text1noticias\">Adem\u00e1s de Lu\u00eds El Gallo y Tom\u00e1s S\u00e1nchez participaron en el encuentro  de Juncos el ingeniero Alberto Ram\u00edrez, encargado de Actas y Correspondencias de La Uni\u00f3n Dem\u00f3crata Cristiana; Krimilda Acosta, encargada de Asuntos Internacionales de la ?UDC-; Iv\u00e1n Romero, asesor de La Alcald\u00eda de Juncos; Sayonara de Acosta, esposa del Presidente de la ?UDC-, entre otros funcionarios.<\/span><\/p>\n<p><span class=\"text1noticias\"> <\/span><\/p>\n<p><span class=\"text1noticias\">En San Juan el Alcalde Jorge Santini estuvo acompa\u00f1ado por la vicealcaldesa Lourdes Rovira.<\/span><\/p>\n<\/p>\n<h6> 2010-11-10 17:42:07 <\/h6>\n<p><!--\n<link rel=\"stylesheet\" href=\"css\/bootstrap.min.css\">\n\n\n<ul class=\"pagination\">\n\t    \n\t\n\n<li >\n\t<a href='?page_no=30639'>Previous<\/a>\n\t<\/li>\n\n\n       \n    \n\n<li><a href='?page_no=1'>1<\/a><\/li>\n\n\n\n<li><a href='?page_no=2'>2<\/a><\/li>\n\n\n\n<li><a>...<\/a><\/li>\n\n\n\n<li><a href='?page_no=30638'>30638<\/a><\/li>\n\n\n\n<li><a href='?page_no=30639'>30639<\/a><\/li>\n\n\n\n<li class='active'><a>30640<\/a><\/li>\n\n\n\n<li><a href='?page_no=30641'>30641<\/a><\/li>\n\n\n\n<li><a href='?page_no=30642'>30642<\/a><\/li>\n\n\n\n<li><a>...<\/a><\/li>\n\n\n\n<li><a href='?page_no=31963'>31963<\/a><\/li>\n\n\n\n<li><a href='?page_no=31964'>31964<\/a><\/li>\n\n    \n\t\n\n<li >\n\t<a href='?page_no=30641'>Next<\/a>\n\t<\/li>\n\n\n    \n\n<li><a href='?page_no=31964'>Last &rsaquo;&rsaquo;<\/a><\/li>\n\n<\/ul>\n\n\n--><br \/>\n<\/body><\/p>\n","protected":false},"excerpt":{"rendered":"<p>SAN JUAN, PUERTO RICO, 10 nov 2010.- La Uni\u00f3n Dem\u00f3crata Cristiana ?UDC inici\u00f3 en Puerto Rico una serie de gestiones en busca de ayuda para optimizar las labores municipales de varios ayuntamientos donde ese partido logr\u00f3 alg\u00fan tipo de representaci\u00f3n pol\u00edtica en las pasadas elecciones del 16 de mayo. Lu\u00eds Acosta Moreta, presidente de la [&hellip;]<\/p>\n","protected":false},"author":3,"featured_media":0,"comment_status":"open","ping_status":"open","sticky":false,"template":"","format":"standard","meta":{"footnotes":""},"categories":[24],"tags":[],"class_list":["post-155472","post","type-post","status-publish","format-standard","hentry","category-justicia-y-derecho"],"_links":{"self":[{"href":"https:\/\/diariodominicano.com\/index.php?rest_route=\/wp\/v2\/posts\/155472","targetHints":{"allow":["GET"]}}],"collection":[{"href":"https:\/\/diariodominicano.com\/index.php?rest_route=\/wp\/v2\/posts"}],"about":[{"href":"https:\/\/diariodominicano.com\/index.php?rest_route=\/wp\/v2\/types\/post"}],"author":[{"embeddable":true,"href":"https:\/\/diariodominicano.com\/index.php?rest_route=\/wp\/v2\/users\/3"}],"replies":[{"embeddable":true,"href":"https:\/\/diariodominicano.com\/index.php?rest_route=%2Fwp%2Fv2%2Fcomments&post=155472"}],"version-history":[{"count":0,"href":"https:\/\/diariodominicano.com\/index.php?rest_route=\/wp\/v2\/posts\/155472\/revisions"}],"wp:attachment":[{"href":"https:\/\/diariodominicano.com\/index.php?rest_route=%2Fwp%2Fv2%2Fmedia&parent=155472"}],"wp:term":[{"taxonomy":"category","embeddable":true,"href":"https:\/\/diariodominicano.com\/index.php?rest_route=%2Fwp%2Fv2%2Fcategories&post=155472"},{"taxonomy":"post_tag","embeddable":true,"href":"https:\/\/diariodominicano.com\/index.php?rest_route=%2Fwp%2Fv2%2Ftags&post=155472"}],"curies":[{"name":"wp","href":"https:\/\/api.w.org\/{rel}","templated":true}]}}