{"id":155471,"date":"2010-11-10T18:17:15","date_gmt":"2010-11-10T18:17:15","guid":{"rendered":"http:\/\/diariodominicano.ddns.net\/?p=155471"},"modified":"2010-11-10T18:17:15","modified_gmt":"2010-11-10T18:17:15","slug":"vicepresidente-destaca-esfuerzos-gobierno-lf-en-el-establecimiento-de-un-estado-moderno","status":"publish","type":"post","link":"https:\/\/diariodominicano.com\/?p=155471","title":{"rendered":"Vicepresidente destaca esfuerzos Gobierno LF en el establecimiento de un estado Moderno"},"content":{"rendered":"<p><body><\/p>\n<p><img decoding=\"async\" src=\"http:\/\/localhost:8080\/justiciayderecho\/img3\/Rafael Alburquerque en cong Intern..1 JPG.JPG\" \/><br \/><img decoding=\"async\" src=\"http:\/\/localhost:8080\/justiciayderecho\/img3\/Rafael Alburquerque en cong Intern.JPG\" \/>  <\/p>\n<p><span class=\"text1noticias\">Santo Domingo, RD, 10 nov 2010.-  El vicepresidente de la Rep\u00fablica, doctor Rafael Alburquerque,  ponder\u00f3 los esfuerzos realizados por el Gobierno del Presidente Leonel Fern\u00e1ndez en el establecimiento en el pa\u00eds de un Estado Moderno que haga frente a las demandas de la poblaci\u00f3n, y destac\u00f3 lo avances logrados por la presente administraci\u00f3n en esa materia.<\/span><\/p>\n<p><span class=\"text1noticias\"> <\/span><\/p>\n<p><span class=\"text1noticias\">Cit\u00f3 entre esos avances la utilizaci\u00f3n de herramientas como la innovaci\u00f3n, gesti\u00f3n de calidad y tecnolog\u00eda de la informaci\u00f3n; as\u00ed como la implementaci\u00f3n de la Ley de Funci\u00f3n P\u00fablica y la implementaci\u00f3n por todas las instituciones del Estado del Marco Com\u00fan de Evaluaci\u00f3n (CAF),  modelo de calidad adoptado por el pa\u00eds desde el a\u00f1o 2003.<\/span><\/p>\n<p><span class=\"text1noticias\"> <\/span><\/p>\n<p><span class=\"text1noticias\">\u00abEl \u00e9xito de la estrategia de calidad para el sector p\u00fablico se revela en sus resultados. Hasta el a\u00f1o pasado han postulado a las premiaciones establecidas por ese concepto unas 126 instituciones p\u00fablicas dominicanas, lo que significa que en ellas crece la confianza que tienen en las mejoras continuas que van alcanzando en su desempe\u00f1o institucional\u00bb, destac\u00f3 Alburquerque tras encabezar, junto a la Primera Dama de la Rep\u00fablica, doctora Margarita Cede\u00f1o de Fern\u00e1ndez, el D\u00e9cimo Quinto Congreso Internacional del Centro Latinoamericano de Administraci\u00f3n para el Desarrollo (CLAD), que se celebra en el pa\u00eds.<\/span><\/p>\n<p><span class=\"text1noticias\"> <\/span><\/p>\n<p><span class=\"text1noticias\">Destac\u00f3 asimismo, que de esas, 24 instituciones han obtenido alg\u00fan reconocimiento en las diversas categor\u00edas del premio y en renglones como practicas promisorias, medalla de bronce, de plata, oro y el gran premio alcanzado por el Programa de Medicamentos Esenciales y la Oficina Nacional de la Propiedad Industrial; las cuales postulan adem\u00e1s en la actualidad al Premio Iberoamericano de la Calidad.<\/span><\/p>\n<p><span class=\"text1noticias\"> <\/span><\/p>\n<p><span class=\"text1noticias\">\u00abHacemos un uso intensivo de la tecnolog\u00eda de la informaci\u00f3n, avanzando en la construcci\u00f3n del Gobierno Electr\u00f3nico, como forma de atender con prontitud y transparencia los requerimientos de los ciudadanos, y disponer a tiempo de las informaciones que nos permitir\u00e1n monitorear con certeza los diversos y complejos procesos de la Administraci\u00f3n Publica; tale como la implementaci\u00f3n del Sistema de Administraci\u00f3n de Servidores P\u00fablicos (SASP), el cual es una plataforma inform\u00e1tica para gestionar en l\u00ednea los recursos humanos que est\u00e1n al servicio de las instituciones del Gobierno\u00bb, dijo.<\/span><\/p>\n<p><span class=\"text1noticias\"> <\/span><\/p>\n<p><span class=\"text1noticias\">En otra parte de su intervenci\u00f3n Alburquerque recalc\u00f3 que como forma de combatir la dispersi\u00f3n, dualidad, ineficiencia y d\u00e9ficit de calidad que hab\u00edan en el Estado Dominicano para la provisi\u00f3n de servicios p\u00fablicos a la ciudadan\u00eda antes del presente gobierno; se implement\u00f3 una efectiva gesti\u00f3n que impulsa procesos en dos grandes direcciones: la racionalizaci\u00f3n del Estado y el mejoramiento de la calidad de los servicios ofrecidos por el sector p\u00fablico.<\/span><\/p>\n<\/p>\n<p><span class=\"text1noticias\">Dijo que se trabaja tambi\u00e9n en la ejecuci\u00f3n de un marco jur\u00eddico que permita organizar una estructura mejor articulada y m\u00e1s efectiva, a fines de lograr mejores resultados en la gesti\u00f3n y la acci\u00f3n del Estado.<\/span><\/p>\n<p><span class=\"text1noticias\"> <\/span><\/p>\n<p><span class=\"text1noticias\">Explic\u00f3 adem\u00e1s, que se encaminan acciones que procuran dotar a las entidades del Estado de la organizaci\u00f3n, normas y principios necesarios para su unidad; a fin de que act\u00faen con la coherencia, racionalidad, efectividad y coordinaci\u00f3n necesaria para lo cual ya se ha elaborado una propuesta de ley de Organizaci\u00f3n de la Administraci\u00f3n Publica.<\/span><\/p>\n<p><span class=\"text1noticias\"> <\/span><\/p>\n<p><span class=\"text1noticias\">\u00abPor ello estamos aplicando Ley de Procedimientos Administrativos, que establecer\u00e1 los principios, normas y cauces que deben orientar la actuaci\u00f3n de los funcionarios p\u00fablicos en el ejercicio de sus funciones, y que habr\u00e1n de configurar los actos jur\u00eddicos de ellos; as\u00ed como los mecanismos de control que habr\u00e1n de garantizar su sometimiento pleno al principio de legalidad, ya consagrado en la Constituci\u00f3n\u00bb, record\u00f3.<\/span><\/p>\n<p><span class=\"text1noticias\"> <\/span><\/p>\n<p><span class=\"text1noticias\">Explic\u00f3 asimismo, que el Gobierno del Presidente Leonel Fern\u00e1ndez tambi\u00e9n promueve la discusi\u00f3n y aprobaci\u00f3n de una Ley General de Salarios para el Sector Publico; que procura establecer los principios, normas y rubros salariales que habr\u00e1n de servir de base a la articulaci\u00f3n de escalas retributivas en el sector p\u00fablico dominicano, como forma de atraer y retener recursos humanos en condiciones de asumir con entusiasmo las tareas de satisfacer las demandas ciudadanas.<\/span><\/p>\n<p><span class=\"text1noticias\"> <\/span><\/p>\n<p><span class=\"text1noticias\">Tras ponderar la celebraci\u00f3n del XV Congreso del CLAD en el pa\u00eds, el vicepresidente indic\u00f3 que el mismo se ha convertido en una fiesta anual del conocimiento e intercambio de experiencia y de una gran oportunidad, para los funcionarios, acad\u00e9micos y tratadistas de las tem\u00e1ticas que le sirven de marco al evento.<\/span><\/p>\n<p><span class=\"text1noticias\"> <\/span><\/p>\n<p><span class=\"text1noticias\">\u00abToda vez que la Administraci\u00f3n Publica Dominicana desde hace unos a\u00f1os es escenario de una gran revoluci\u00f3n jur\u00eddica e institucional inspirada en el fortalecimiento de la democracia; lo que se verifica en las transformaciones que se experimentan en los \u00f3rganos relativos a contrataciones publicas, hacienda, gesti\u00f3n financiera integrada, contabilidad publica, tesorer\u00eda, a partir del  pasado 26 de enero, se ha configurado en nuestro pa\u00eds un Estado Social y Democr\u00e1tico de Derecho\u00bb, afirm\u00f3.<\/span><\/p>\n<\/p>\n<p><span class=\"text1noticias\">La actividad tambi\u00e9n cont\u00f3 con la presencia del secretario general del CLAD, Julio C\u00e9sar Fern\u00e1ndez Toro el director ejecutivo, Carlos Alberto Ballena Ch\u00e1vez, el ministro de Administraci\u00f3n P\u00fablica, Ram\u00f3n Ventura Camejo, entre otros funcionarios y directivos del referido organismos regional.<\/span><\/p>\n<\/p>\n<h6> 2010-11-10 18:17:15 <\/h6>\n<p><!--\n<link rel=\"stylesheet\" href=\"css\/bootstrap.min.css\">\n\n\n<ul class=\"pagination\">\n\t    \n\t\n\n<li >\n\t<a href='?page_no=30638'>Previous<\/a>\n\t<\/li>\n\n\n       \n    \n\n<li><a href='?page_no=1'>1<\/a><\/li>\n\n\n\n<li><a href='?page_no=2'>2<\/a><\/li>\n\n\n\n<li><a>...<\/a><\/li>\n\n\n\n<li><a href='?page_no=30637'>30637<\/a><\/li>\n\n\n\n<li><a href='?page_no=30638'>30638<\/a><\/li>\n\n\n\n<li class='active'><a>30639<\/a><\/li>\n\n\n\n<li><a href='?page_no=30640'>30640<\/a><\/li>\n\n\n\n<li><a href='?page_no=30641'>30641<\/a><\/li>\n\n\n\n<li><a>...<\/a><\/li>\n\n\n\n<li><a href='?page_no=31963'>31963<\/a><\/li>\n\n\n\n<li><a href='?page_no=31964'>31964<\/a><\/li>\n\n    \n\t\n\n<li >\n\t<a href='?page_no=30640'>Next<\/a>\n\t<\/li>\n\n\n    \n\n<li><a href='?page_no=31964'>Last &rsaquo;&rsaquo;<\/a><\/li>\n\n<\/ul>\n\n\n--><br \/>\n<\/body><\/p>\n","protected":false},"excerpt":{"rendered":"<p>Santo Domingo, RD, 10 nov 2010.- El vicepresidente de la Rep\u00fablica, doctor Rafael Alburquerque, ponder\u00f3 los esfuerzos realizados por el Gobierno del Presidente Leonel Fern\u00e1ndez en el establecimiento en el pa\u00eds de un Estado Moderno que haga frente a las demandas de la poblaci\u00f3n, y destac\u00f3 lo avances logrados por la presente administraci\u00f3n en esa [&hellip;]<\/p>\n","protected":false},"author":3,"featured_media":0,"comment_status":"open","ping_status":"open","sticky":false,"template":"","format":"standard","meta":{"footnotes":""},"categories":[24],"tags":[],"class_list":["post-155471","post","type-post","status-publish","format-standard","hentry","category-justicia-y-derecho"],"_links":{"self":[{"href":"https:\/\/diariodominicano.com\/index.php?rest_route=\/wp\/v2\/posts\/155471","targetHints":{"allow":["GET"]}}],"collection":[{"href":"https:\/\/diariodominicano.com\/index.php?rest_route=\/wp\/v2\/posts"}],"about":[{"href":"https:\/\/diariodominicano.com\/index.php?rest_route=\/wp\/v2\/types\/post"}],"author":[{"embeddable":true,"href":"https:\/\/diariodominicano.com\/index.php?rest_route=\/wp\/v2\/users\/3"}],"replies":[{"embeddable":true,"href":"https:\/\/diariodominicano.com\/index.php?rest_route=%2Fwp%2Fv2%2Fcomments&post=155471"}],"version-history":[{"count":0,"href":"https:\/\/diariodominicano.com\/index.php?rest_route=\/wp\/v2\/posts\/155471\/revisions"}],"wp:attachment":[{"href":"https:\/\/diariodominicano.com\/index.php?rest_route=%2Fwp%2Fv2%2Fmedia&parent=155471"}],"wp:term":[{"taxonomy":"category","embeddable":true,"href":"https:\/\/diariodominicano.com\/index.php?rest_route=%2Fwp%2Fv2%2Fcategories&post=155471"},{"taxonomy":"post_tag","embeddable":true,"href":"https:\/\/diariodominicano.com\/index.php?rest_route=%2Fwp%2Fv2%2Ftags&post=155471"}],"curies":[{"name":"wp","href":"https:\/\/api.w.org\/{rel}","templated":true}]}}