{"id":155470,"date":"2010-11-10T19:39:03","date_gmt":"2010-11-10T19:39:03","guid":{"rendered":"http:\/\/diariodominicano.ddns.net\/?p=155470"},"modified":"2010-11-10T19:39:03","modified_gmt":"2010-11-10T19:39:03","slug":"reclaman-mayor-vigilancia-policial-en-guachupita-en-donde-fue-acribillado-en-un-asalto-uno-de-sus-fundadores","status":"publish","type":"post","link":"https:\/\/diariodominicano.com\/?p=155470","title":{"rendered":"&#13;Reclaman mayor vigilancia policial en  Guachupita en donde fue acribillado en un asalto, uno de sus fundadores&#13;"},"content":{"rendered":"<p><body><\/p>\n<\/p>\n<\/p>\n<p><span class=\"text1noticias\">El Partido de la Liberaci\u00f3n Dominicana (PLD) reclama de las autoridades que apliquen todo el peso de la ley contra los autores del vil asesinato de Jos\u00e9 S\u00e1nchez L\u00f3pez, miembro fundador del Partido de la Liberaci\u00f3n Dominicana en la ahora circunscripci\u00f3n tres  del Distrito Nacional.<\/span><\/p>\n<\/p>\n<p><span class=\"text1noticias\">Radham\u00e9s de los Santos, miembro del Comit\u00e9 Central pelede\u00edsta  en nombre del PLD en la zona, al reclamar castigo a los culpables espera que el crimen no quede impune.<\/span><\/p>\n<\/p>\n<p><span class=\"text1noticias\">S\u00e1nchez L\u00f3pez  fue abatido por dos j\u00f3venes que atracaron su vivienda en donde operaba un peque\u00f1o colmado recibiendo  doce balazos en el abdomen y la pierna.<\/span><\/p>\n<\/p>\n<p><span class=\"text1noticias\">Mar\u00eda Apolinar Rodr\u00edguez, esposa de S\u00e1nchez L\u00f3pez,   narr\u00f3 a las autoridades  que el domingo pasado los  j\u00f3venes  penetraron a  vivienda a las 10 de la noche con la intenci\u00f3n de robar por lo que avis\u00f3 a L\u00f3pez quien estaba en la habitaci\u00f3n contigua en el negocio.<\/span><\/p>\n<\/p>\n<p><span class=\"text1noticias\">Declar\u00f3 que el hoy occiso intent\u00f3 sacar su arma para defenderse cuando fue impactado por las balas de los atracadores.<\/span><\/p>\n<\/p>\n<p><span class=\"text1noticias\">Tanto el PLD de la zona como sus familiares formalizaron la querella por ante la justicia y las autoridades policiales<\/span><\/p>\n<\/p>\n<p><span class=\"text1noticias\">En un despacho de la Secretar\u00eda de Comunicaciones del PLD se confirma la condici\u00f3n de fundador del Partido de S\u00e1nchez L\u00f3pez y actual presidente de Comit\u00e9 de Base 23  del Comit\u00e9 Intermedio  Danilo D\u00edaz  en Guachupita, un desprendimiento del Comit\u00e9 Intermedio Augusto Cesar Sandino. S\u00e1nchez L\u00f3pez fue parte del equipo de la seguridad del Profesor Juan Bosch y prest\u00f3 servicios tambi\u00e9n en la Casa Nacional del PLD.<\/span><\/p>\n<\/p>\n<p><span class=\"text1noticias\">Inform\u00f3 por igual su condici\u00f3n de ex dirigente sindical y fundador de la Central Mayoritaria de Trabajadores (CTM) como obrero portuario.<\/span><\/p>\n<\/p>\n<p><span class=\"text1noticias\">Extraoficialmente se inform\u00f3 que  uno de los autores del atentado procur\u00f3 asistencia m\u00e9dica en el hospital Dar\u00edo Contreras en donde fue apresado. S\u00e1nchez L\u00f3pez pese a estar gravemente herido dispar\u00f3 e impact\u00f3 a uno de sus victimarios.<\/span><\/p>\n<\/p>\n<p><span class=\"text1noticias\">Roberto Lara, Presidente del Comit\u00e9 Intermedio Danilo D\u00edaz reclam\u00f3 de la Polic\u00eda Nacional aumentar la vigilancia en la zona al denunciar que los moradores de dicha barriada est\u00e1n en zozobra por los tantos  hechos delincuenciales reportados.<\/span><\/p>\n<h6> 2010-11-10 19:39:03 <\/h6>\n<p><!--\n<link rel=\"stylesheet\" href=\"css\/bootstrap.min.css\">\n\n\n<ul class=\"pagination\">\n\t    \n\t\n\n<li >\n\t<a href='?page_no=30637'>Previous<\/a>\n\t<\/li>\n\n\n       \n    \n\n<li><a href='?page_no=1'>1<\/a><\/li>\n\n\n\n<li><a href='?page_no=2'>2<\/a><\/li>\n\n\n\n<li><a>...<\/a><\/li>\n\n\n\n<li><a href='?page_no=30636'>30636<\/a><\/li>\n\n\n\n<li><a href='?page_no=30637'>30637<\/a><\/li>\n\n\n\n<li class='active'><a>30638<\/a><\/li>\n\n\n\n<li><a href='?page_no=30639'>30639<\/a><\/li>\n\n\n\n<li><a href='?page_no=30640'>30640<\/a><\/li>\n\n\n\n<li><a>...<\/a><\/li>\n\n\n\n<li><a href='?page_no=31963'>31963<\/a><\/li>\n\n\n\n<li><a href='?page_no=31964'>31964<\/a><\/li>\n\n    \n\t\n\n<li >\n\t<a href='?page_no=30639'>Next<\/a>\n\t<\/li>\n\n\n    \n\n<li><a href='?page_no=31964'>Last &rsaquo;&rsaquo;<\/a><\/li>\n\n<\/ul>\n\n\n--><br \/>\n<\/body><\/p>\n","protected":false},"excerpt":{"rendered":"<p>El Partido de la Liberaci\u00f3n Dominicana (PLD) reclama de las autoridades que apliquen todo el peso de la ley contra los autores del vil asesinato de Jos\u00e9 S\u00e1nchez L\u00f3pez, miembro fundador del Partido de la Liberaci\u00f3n Dominicana en la ahora circunscripci\u00f3n tres del Distrito Nacional. Radham\u00e9s de los Santos, miembro del Comit\u00e9 Central pelede\u00edsta en [&hellip;]<\/p>\n","protected":false},"author":3,"featured_media":0,"comment_status":"open","ping_status":"open","sticky":false,"template":"","format":"standard","meta":{"footnotes":""},"categories":[24],"tags":[],"class_list":["post-155470","post","type-post","status-publish","format-standard","hentry","category-justicia-y-derecho"],"_links":{"self":[{"href":"https:\/\/diariodominicano.com\/index.php?rest_route=\/wp\/v2\/posts\/155470","targetHints":{"allow":["GET"]}}],"collection":[{"href":"https:\/\/diariodominicano.com\/index.php?rest_route=\/wp\/v2\/posts"}],"about":[{"href":"https:\/\/diariodominicano.com\/index.php?rest_route=\/wp\/v2\/types\/post"}],"author":[{"embeddable":true,"href":"https:\/\/diariodominicano.com\/index.php?rest_route=\/wp\/v2\/users\/3"}],"replies":[{"embeddable":true,"href":"https:\/\/diariodominicano.com\/index.php?rest_route=%2Fwp%2Fv2%2Fcomments&post=155470"}],"version-history":[{"count":0,"href":"https:\/\/diariodominicano.com\/index.php?rest_route=\/wp\/v2\/posts\/155470\/revisions"}],"wp:attachment":[{"href":"https:\/\/diariodominicano.com\/index.php?rest_route=%2Fwp%2Fv2%2Fmedia&parent=155470"}],"wp:term":[{"taxonomy":"category","embeddable":true,"href":"https:\/\/diariodominicano.com\/index.php?rest_route=%2Fwp%2Fv2%2Fcategories&post=155470"},{"taxonomy":"post_tag","embeddable":true,"href":"https:\/\/diariodominicano.com\/index.php?rest_route=%2Fwp%2Fv2%2Ftags&post=155470"}],"curies":[{"name":"wp","href":"https:\/\/api.w.org\/{rel}","templated":true}]}}