{"id":155469,"date":"2010-11-10T20:27:11","date_gmt":"2010-11-10T20:27:11","guid":{"rendered":"http:\/\/diariodominicano.ddns.net\/?p=155469"},"modified":"2010-11-10T20:27:11","modified_gmt":"2010-11-10T20:27:11","slug":"empresa-textil-desmiente-caso-de-colera","status":"publish","type":"post","link":"https:\/\/diariodominicano.com\/?p=155469","title":{"rendered":"Empresa textil  desmiente caso de colera"},"content":{"rendered":"<p><body><\/p>\n<\/p>\n<p><span class=\"text1noticias\">Santo Domingo.- La zona franca textil canadiense, Gildan Activewear, con operaciones enRep\u00fablica Dominicana y Hait\u00ed, emiti\u00f3 hoy la siguiente declaraci\u00f3n oficialsobre supuestos casos de c\u00f3lera en sus plantas.<\/span><\/p>\n<\/p>\n<p><span class=\"text1noticias\">Gildan Activewear desmiente de manera categ\u00f3rica los comentarios vertidos en un programa de radio nacional, donde se inform\u00f3 de manera err\u00f3nea que varios de sus empleados fueran afectados por la enfermedad.<\/span><\/p>\n<\/p>\n<p><span class=\"text1noticias\">Gildan Actiwear confirma que ning\u00fan miembro del personal directo de la empresa ha sido reportado con s\u00edntomas de C\u00f3lera en los \u00faltimos d\u00edas, en ninguna de sus plantas donde opera, por lo que las informaciones que circulan al respecto carecen de veracidad. El personal de trabajo de ambas plantas est\u00e1 laborando de manera regular.<\/span><\/p>\n<\/p>\n<p><span class=\"text1noticias\">Gildan se une a la preocupaci\u00f3n nacional existente frente a la situaci\u00f3n que atraviesa el vecino pa\u00eds de Hait\u00ed, a la vez que env\u00eda un mensaje de solidaridad a dicho pueblo dese\u00e1ndoles una pronta salida de esta coyuntura.<\/span><\/p>\n<h6> 2010-11-10 20:27:11 <\/h6>\n<p><!--\n<link rel=\"stylesheet\" href=\"css\/bootstrap.min.css\">\n\n\n<ul class=\"pagination\">\n\t    \n\t\n\n<li >\n\t<a href='?page_no=30636'>Previous<\/a>\n\t<\/li>\n\n\n       \n    \n\n<li><a href='?page_no=1'>1<\/a><\/li>\n\n\n\n<li><a href='?page_no=2'>2<\/a><\/li>\n\n\n\n<li><a>...<\/a><\/li>\n\n\n\n<li><a href='?page_no=30635'>30635<\/a><\/li>\n\n\n\n<li><a href='?page_no=30636'>30636<\/a><\/li>\n\n\n\n<li class='active'><a>30637<\/a><\/li>\n\n\n\n<li><a href='?page_no=30638'>30638<\/a><\/li>\n\n\n\n<li><a href='?page_no=30639'>30639<\/a><\/li>\n\n\n\n<li><a>...<\/a><\/li>\n\n\n\n<li><a href='?page_no=31963'>31963<\/a><\/li>\n\n\n\n<li><a href='?page_no=31964'>31964<\/a><\/li>\n\n    \n\t\n\n<li >\n\t<a href='?page_no=30638'>Next<\/a>\n\t<\/li>\n\n\n    \n\n<li><a href='?page_no=31964'>Last &rsaquo;&rsaquo;<\/a><\/li>\n\n<\/ul>\n\n\n--><br \/>\n<\/body><\/p>\n","protected":false},"excerpt":{"rendered":"<p>Santo Domingo.- La zona franca textil canadiense, Gildan Activewear, con operaciones enRep\u00fablica Dominicana y Hait\u00ed, emiti\u00f3 hoy la siguiente declaraci\u00f3n oficialsobre supuestos casos de c\u00f3lera en sus plantas. Gildan Activewear desmiente de manera categ\u00f3rica los comentarios vertidos en un programa de radio nacional, donde se inform\u00f3 de manera err\u00f3nea que varios de sus empleados fueran [&hellip;]<\/p>\n","protected":false},"author":3,"featured_media":0,"comment_status":"open","ping_status":"open","sticky":false,"template":"","format":"standard","meta":{"footnotes":""},"categories":[24],"tags":[],"class_list":["post-155469","post","type-post","status-publish","format-standard","hentry","category-justicia-y-derecho"],"_links":{"self":[{"href":"https:\/\/diariodominicano.com\/index.php?rest_route=\/wp\/v2\/posts\/155469","targetHints":{"allow":["GET"]}}],"collection":[{"href":"https:\/\/diariodominicano.com\/index.php?rest_route=\/wp\/v2\/posts"}],"about":[{"href":"https:\/\/diariodominicano.com\/index.php?rest_route=\/wp\/v2\/types\/post"}],"author":[{"embeddable":true,"href":"https:\/\/diariodominicano.com\/index.php?rest_route=\/wp\/v2\/users\/3"}],"replies":[{"embeddable":true,"href":"https:\/\/diariodominicano.com\/index.php?rest_route=%2Fwp%2Fv2%2Fcomments&post=155469"}],"version-history":[{"count":0,"href":"https:\/\/diariodominicano.com\/index.php?rest_route=\/wp\/v2\/posts\/155469\/revisions"}],"wp:attachment":[{"href":"https:\/\/diariodominicano.com\/index.php?rest_route=%2Fwp%2Fv2%2Fmedia&parent=155469"}],"wp:term":[{"taxonomy":"category","embeddable":true,"href":"https:\/\/diariodominicano.com\/index.php?rest_route=%2Fwp%2Fv2%2Fcategories&post=155469"},{"taxonomy":"post_tag","embeddable":true,"href":"https:\/\/diariodominicano.com\/index.php?rest_route=%2Fwp%2Fv2%2Ftags&post=155469"}],"curies":[{"name":"wp","href":"https:\/\/api.w.org\/{rel}","templated":true}]}}