{"id":155468,"date":"2010-11-10T20:53:00","date_gmt":"2010-11-10T20:53:00","guid":{"rendered":"http:\/\/diariodominicano.ddns.net\/?p=155468"},"modified":"2010-11-10T20:53:00","modified_gmt":"2010-11-10T20:53:00","slug":"ya-van-643-muertos-por-el-colera-en-haiti","status":"publish","type":"post","link":"https:\/\/diariodominicano.com\/?p=155468","title":{"rendered":"Ya van 643 muertos por el c\u00f3lera en hait\u00ed"},"content":{"rendered":"<p><body><\/p>\n<p><img decoding=\"async\" src=\"http:\/\/localhost:8080\/justiciayderecho\/img3\/haitiano enfermo colera.jpg\" \/>  <\/p>\n<\/p>\n<p><span class=\"text1noticias\">Puerto Pr\u00edncipe.-Un total de 643 personas ha fallecido en Hait\u00ed como consecuencia de la epidemia de c\u00f3lera que se se extiende en el empobrecido pa\u00eds caribe\u00f1o, seg\u00fan un nuevo balance divulgado hoy por las autoridades sanitarias.<\/span><\/p>\n<\/p>\n<p><span class=\"text1noticias\">Las fuentes cifraron en 9.971 las personas hospitalizadas por la mortal enfermedad, cuyos primeros casos de dieron a conocer el 19 de octubre pasado.<\/span><\/p>\n<\/p>\n<p><span class=\"text1noticias\">En el departamento Oeste, al que pertenece Puerto Pr\u00edncipe, la capital del pa\u00eds, los decesos totalizaron 42, uno de ellos en el popular barrio de Cit\u00e9 Soleil (periferia norte de la capital), seg\u00fan los datos divulgados por las autoridades sanitarias.<\/span><\/p>\n<\/p>\n<p><span class=\"text1noticias\">Sin ofrecer datos espec\u00edficos, el informe de Salud P\u00fablica, fechado el 8 de noviembre, precis\u00f3 que al referirse a Puerto Pr\u00edncipe tambi\u00e9n hace menci\u00f3n a los sectores de Carrefour (periferia sur), Delmas (sector norte), Petion Ville, Kenscoff (periferia este) y Tabarre (periferia norte).<\/span><\/p>\n<\/p>\n<p><span class=\"text1noticias\">La opini\u00f3n p\u00fablica haitiana teme que la situaci\u00f3n sea a\u00fan m\u00e1s grave en este popular barrio, mientras que, seg\u00fan distintos testimonios, tambi\u00e9n se han registrados casos del brote en otros sectores de la capital.<\/span><\/p>\n<\/p>\n<p><span class=\"text1noticias\">Desde el inicio de la epidemia, 450 han muerto en Artibonite (Norte), la zona m\u00e1s afectada por el c\u00f3lera.<\/span><\/p>\n<\/p>\n<p><span class=\"text1noticias\">En Artibonite, adem\u00e1s, 7.352 personas fueron hospitalizadas debido a la enfermedad.<\/span><\/p>\n<\/p>\n<p><span class=\"text1noticias\">El departamento Norte pas\u00f3 a un segundo lugar con 59 fallecidos y 600 hospitalizados.<\/span><\/p>\n<\/p>\n<p><span class=\"text1noticias\">En Plateau Central (Este), donde se presentaron los primeros casos, los muertos se elevaron a 48, mientras que 721 personas fueron ingresadas en los hospitales.<\/span><\/p>\n<\/p>\n<p><span class=\"text1noticias\">Mientras que en el Noroeste se registraron 44 muertos y 593 hospitalizadas.<\/span><\/p>\n<\/p>\n<h6> 2010-11-10 20:53:00 <\/h6>\n<p><!--\n<link rel=\"stylesheet\" href=\"css\/bootstrap.min.css\">\n\n\n<ul class=\"pagination\">\n\t    \n\t\n\n<li >\n\t<a href='?page_no=30635'>Previous<\/a>\n\t<\/li>\n\n\n       \n    \n\n<li><a href='?page_no=1'>1<\/a><\/li>\n\n\n\n<li><a href='?page_no=2'>2<\/a><\/li>\n\n\n\n<li><a>...<\/a><\/li>\n\n\n\n<li><a href='?page_no=30634'>30634<\/a><\/li>\n\n\n\n<li><a href='?page_no=30635'>30635<\/a><\/li>\n\n\n\n<li class='active'><a>30636<\/a><\/li>\n\n\n\n<li><a href='?page_no=30637'>30637<\/a><\/li>\n\n\n\n<li><a href='?page_no=30638'>30638<\/a><\/li>\n\n\n\n<li><a>...<\/a><\/li>\n\n\n\n<li><a href='?page_no=31963'>31963<\/a><\/li>\n\n\n\n<li><a href='?page_no=31964'>31964<\/a><\/li>\n\n    \n\t\n\n<li >\n\t<a href='?page_no=30637'>Next<\/a>\n\t<\/li>\n\n\n    \n\n<li><a href='?page_no=31964'>Last &rsaquo;&rsaquo;<\/a><\/li>\n\n<\/ul>\n\n\n--><br \/>\n<\/body><\/p>\n","protected":false},"excerpt":{"rendered":"<p>Puerto Pr\u00edncipe.-Un total de 643 personas ha fallecido en Hait\u00ed como consecuencia de la epidemia de c\u00f3lera que se se extiende en el empobrecido pa\u00eds caribe\u00f1o, seg\u00fan un nuevo balance divulgado hoy por las autoridades sanitarias. Las fuentes cifraron en 9.971 las personas hospitalizadas por la mortal enfermedad, cuyos primeros casos de dieron a conocer [&hellip;]<\/p>\n","protected":false},"author":3,"featured_media":0,"comment_status":"open","ping_status":"open","sticky":false,"template":"","format":"standard","meta":{"footnotes":""},"categories":[24],"tags":[],"class_list":["post-155468","post","type-post","status-publish","format-standard","hentry","category-justicia-y-derecho"],"_links":{"self":[{"href":"https:\/\/diariodominicano.com\/index.php?rest_route=\/wp\/v2\/posts\/155468","targetHints":{"allow":["GET"]}}],"collection":[{"href":"https:\/\/diariodominicano.com\/index.php?rest_route=\/wp\/v2\/posts"}],"about":[{"href":"https:\/\/diariodominicano.com\/index.php?rest_route=\/wp\/v2\/types\/post"}],"author":[{"embeddable":true,"href":"https:\/\/diariodominicano.com\/index.php?rest_route=\/wp\/v2\/users\/3"}],"replies":[{"embeddable":true,"href":"https:\/\/diariodominicano.com\/index.php?rest_route=%2Fwp%2Fv2%2Fcomments&post=155468"}],"version-history":[{"count":0,"href":"https:\/\/diariodominicano.com\/index.php?rest_route=\/wp\/v2\/posts\/155468\/revisions"}],"wp:attachment":[{"href":"https:\/\/diariodominicano.com\/index.php?rest_route=%2Fwp%2Fv2%2Fmedia&parent=155468"}],"wp:term":[{"taxonomy":"category","embeddable":true,"href":"https:\/\/diariodominicano.com\/index.php?rest_route=%2Fwp%2Fv2%2Fcategories&post=155468"},{"taxonomy":"post_tag","embeddable":true,"href":"https:\/\/diariodominicano.com\/index.php?rest_route=%2Fwp%2Fv2%2Ftags&post=155468"}],"curies":[{"name":"wp","href":"https:\/\/api.w.org\/{rel}","templated":true}]}}