{"id":155466,"date":"2010-11-10T21:07:30","date_gmt":"2010-11-10T21:07:30","guid":{"rendered":"http:\/\/diariodominicano.ddns.net\/?p=155466"},"modified":"2010-11-10T21:07:30","modified_gmt":"2010-11-10T21:07:30","slug":"jefe-de-estado-condecora-al-ex-presidente-de-espana-felipe-gonzalez","status":"publish","type":"post","link":"https:\/\/diariodominicano.com\/?p=155466","title":{"rendered":"Jefe de Estado condecora al ex presidente de Espa\u00f1a, Felipe Gonz\u00e1lez"},"content":{"rendered":"<p><body><\/p>\n<p><img decoding=\"async\" src=\"http:\/\/localhost:8080\/justiciayderecho\/img3\/condecoracion felipe gonzalez.jpg\" \/>  <\/p>\n<\/p>\n<p><span class=\"text1noticias\">Santo Domingo.- El presidente de la Rep\u00fablica, doctor Leonel Fern\u00e1ndez, condecor\u00f3 este mi\u00e9rcoles con la Orden Her\u00e1ldica de Crist\u00f3bal Col\u00f3n, en el grado de Gran Cruz Placa de Oro al ex presidente de Espa\u00f1a, Felipe Gonz\u00e1lez.<\/span><\/p>\n<\/p>\n<p><span class=\"text1noticias\">La condecoraci\u00f3n concedida mediante el decreto 620-10 a Gonz\u00e1lez, le fue impuesta por el mandatario en reconocimiento a los aportes e influencia en el proceso democr\u00e1tico de Am\u00e9rica Latina en sus \u00faltimas tres d\u00e9cadas.<\/span><\/p>\n<\/p>\n<p><span class=\"text1noticias\">Fern\u00e1ndez record\u00f3 que el ex-gobernante espa\u00f1ol ha tenido una especial relaci\u00f3n con la Rep\u00fablica Dominicana en estos \u00faltimos 30 a\u00f1os y su presencia en el pa\u00eds ha sido plural, debido a que su amistad ha sido con los l\u00edderes pol\u00edticos de las distintas tendencias.<\/span><\/p>\n<\/p>\n<p><span class=\"text1noticias\">El presidente Fern\u00e1ndez afirm\u00f3 que esa pluralidad de Felipe Gonz\u00e1lez, refuerza su vocaci\u00f3n genuina y aut\u00e9nticamente democr\u00e1tica.<\/span><\/p>\n<\/p>\n<p><span class=\"text1noticias\">Coment\u00f3 que su contribuci\u00f3n ha sido para fortalecer a la Rep\u00fablica Dominicana en t\u00e9rminos institucionales, para abrir nuevos caminos de penetraci\u00f3n del pa\u00eds en Espa\u00f1a y en toda Europa.<\/span><\/p>\n<\/p>\n<p><span class=\"text1noticias\">Expres\u00f3 que por todo esto, \u00ablos dominicanos sentimos un profundo sentido de gratitud, y por tanto, con el reconocimiento que hacemos hoy a su persona, a m\u00e9ritos bien ganados y a una actitud y comportamiento de promover los mejores valores para Espa\u00f1a, para Europa, para Am\u00e9rica Latina y para toda la humanidad\u00bb.<\/span><\/p>\n<\/p>\n<p><span class=\"text1noticias\">De su lado, el ex presidente de Espa\u00f1a, Felipe Gonz\u00e1lez, afirm\u00f3 que el pueblo dominicano sabe, que su inter\u00e9s cuando fue gobernante y tambi\u00e9n como ser humano, era en Espa\u00f1a como en Rep\u00fablica Dominicana ayudar a la consolidaci\u00f3n de la democracia, de las libertades, el desarrollo y el bienestar.<\/span><\/p>\n<\/p>\n<p><span class=\"text1noticias\">Refiri\u00f3 que su agradecimiento por haber recibido la condecoraci\u00f3n por parte del gobierno, se traduce en mantener el inter\u00e9s y la amistad con la Rep\u00fablica Dominicana.<\/span><\/p>\n<h6> 2010-11-10 21:07:30 <\/h6>\n<p><!--\n<link rel=\"stylesheet\" href=\"css\/bootstrap.min.css\">\n\n\n<ul class=\"pagination\">\n\t    \n\t\n\n<li >\n\t<a href='?page_no=30633'>Previous<\/a>\n\t<\/li>\n\n\n       \n    \n\n<li><a href='?page_no=1'>1<\/a><\/li>\n\n\n\n<li><a href='?page_no=2'>2<\/a><\/li>\n\n\n\n<li><a>...<\/a><\/li>\n\n\n\n<li><a href='?page_no=30632'>30632<\/a><\/li>\n\n\n\n<li><a href='?page_no=30633'>30633<\/a><\/li>\n\n\n\n<li class='active'><a>30634<\/a><\/li>\n\n\n\n<li><a href='?page_no=30635'>30635<\/a><\/li>\n\n\n\n<li><a href='?page_no=30636'>30636<\/a><\/li>\n\n\n\n<li><a>...<\/a><\/li>\n\n\n\n<li><a href='?page_no=31963'>31963<\/a><\/li>\n\n\n\n<li><a href='?page_no=31964'>31964<\/a><\/li>\n\n    \n\t\n\n<li >\n\t<a href='?page_no=30635'>Next<\/a>\n\t<\/li>\n\n\n    \n\n<li><a href='?page_no=31964'>Last &rsaquo;&rsaquo;<\/a><\/li>\n\n<\/ul>\n\n\n--><br \/>\n<\/body><\/p>\n","protected":false},"excerpt":{"rendered":"<p>Santo Domingo.- El presidente de la Rep\u00fablica, doctor Leonel Fern\u00e1ndez, condecor\u00f3 este mi\u00e9rcoles con la Orden Her\u00e1ldica de Crist\u00f3bal Col\u00f3n, en el grado de Gran Cruz Placa de Oro al ex presidente de Espa\u00f1a, Felipe Gonz\u00e1lez. La condecoraci\u00f3n concedida mediante el decreto 620-10 a Gonz\u00e1lez, le fue impuesta por el mandatario en reconocimiento a los [&hellip;]<\/p>\n","protected":false},"author":3,"featured_media":0,"comment_status":"open","ping_status":"open","sticky":false,"template":"","format":"standard","meta":{"footnotes":""},"categories":[24],"tags":[],"class_list":["post-155466","post","type-post","status-publish","format-standard","hentry","category-justicia-y-derecho"],"_links":{"self":[{"href":"https:\/\/diariodominicano.com\/index.php?rest_route=\/wp\/v2\/posts\/155466","targetHints":{"allow":["GET"]}}],"collection":[{"href":"https:\/\/diariodominicano.com\/index.php?rest_route=\/wp\/v2\/posts"}],"about":[{"href":"https:\/\/diariodominicano.com\/index.php?rest_route=\/wp\/v2\/types\/post"}],"author":[{"embeddable":true,"href":"https:\/\/diariodominicano.com\/index.php?rest_route=\/wp\/v2\/users\/3"}],"replies":[{"embeddable":true,"href":"https:\/\/diariodominicano.com\/index.php?rest_route=%2Fwp%2Fv2%2Fcomments&post=155466"}],"version-history":[{"count":0,"href":"https:\/\/diariodominicano.com\/index.php?rest_route=\/wp\/v2\/posts\/155466\/revisions"}],"wp:attachment":[{"href":"https:\/\/diariodominicano.com\/index.php?rest_route=%2Fwp%2Fv2%2Fmedia&parent=155466"}],"wp:term":[{"taxonomy":"category","embeddable":true,"href":"https:\/\/diariodominicano.com\/index.php?rest_route=%2Fwp%2Fv2%2Fcategories&post=155466"},{"taxonomy":"post_tag","embeddable":true,"href":"https:\/\/diariodominicano.com\/index.php?rest_route=%2Fwp%2Fv2%2Ftags&post=155466"}],"curies":[{"name":"wp","href":"https:\/\/api.w.org\/{rel}","templated":true}]}}