{"id":155464,"date":"2010-11-10T21:33:32","date_gmt":"2010-11-10T21:33:32","guid":{"rendered":"http:\/\/diariodominicano.ddns.net\/?p=155464"},"modified":"2010-11-10T21:33:32","modified_gmt":"2010-11-10T21:33:32","slug":"salud-publica-inicia-proyecto-construccion-centros-atencion-primaria-para-descongestionar-hospitales-del-dn-y-la-provincia-santo-domingo","status":"publish","type":"post","link":"https:\/\/diariodominicano.com\/?p=155464","title":{"rendered":"Salud P\u00fablica inicia proyecto construcci\u00f3n centros atenci\u00f3n primaria para descongestionar hospitales del DN y la provincia Santo Domingo"},"content":{"rendered":"<p><body><\/p>\n<p><img decoding=\"async\" src=\"http:\/\/localhost:8080\/justiciayderecho\/img3\/bauta cap.JPG\" \/>  <\/p>\n<\/p>\n<p><span class=\"text1noticias\">El doctor Bautista Rojas G\u00f3mez supervisa trabajos de construcci\u00f3n anexo Maternidad de Los Mina, y asegura obra ser\u00e1 entregada en tres meses<\/span><\/p>\n<\/p>\n<p><span class=\"text1noticias\">Santo Domingo.- \tEl Ministerio de Salud P\u00fablica inici\u00f3 este mi\u00e9rcoles proyecto de construcci\u00f3n de centros de atenci\u00f3n primaria en el Distrito Nacional y la provincia de Santo Domingo, con la que pretende el descongestionamiento de los grandes centros hospitalarios de esas demarcaciones.<\/span><\/p>\n<\/p>\n<p><span class=\"text1noticias\">La construcci\u00f3n del primero de esos establecimientos, en la actual etapa, comenz\u00f3 en el barrio La Barquita, de Los Mina; y se espera que est\u00e9 el funcionamiento para finales de febrero del pr\u00f3ximo. Cada centro de atenci\u00f3n primaria constar\u00e1 de laboratorio cl\u00ednico, uno de im\u00e1genes y servicios de medicina general, pediatr\u00eda, ginecolog\u00eda y odontolog\u00eda.<\/span><\/p>\n<\/p>\n<p><span class=\"text1noticias\">El ministro de Salud P\u00fablica, doctor Bautista Rojas G\u00f3mez, visit\u00f3 La Barquita para dejar iniciados los trabajos de construcci\u00f3n, acompa\u00f1ado del gerente de la Regional Metropolitana de Salud, doctor Enriquillo Matos; y del vicario de la parroquia San Vicente de Paul, sacerdote Juan Luis D\u00edaz Bonilla.<\/span><\/p>\n<\/p>\n<p><span class=\"text1noticias\">El funcionario dijo que se establecer\u00e1n alianzas con los ayuntamientos del Distrito Nacional y de la provincia Santo Domingo para la ubicaci\u00f3n de los terrenos, en los que el Ministerio de Salud ir\u00e1 levantando paulatinamente los centros de atenci\u00f3n primaria. Se\u00f1al\u00f3 que ya existe un compromiso con el s\u00edndico del Ayuntamiento Santo Domingo Este, licenciado Juan de los Santos, con ese prop\u00f3sito.<\/span><\/p>\n<\/p>\n<p><span class=\"text1noticias\">La estrategia posibilitar\u00e1, precis\u00f3, ir descongestionando hospitales como las Maternidades La Altagracia y San Lorenzo de Los Mina, Francisco Moscoso Puello, Robert Reid Cabral, Luis Eduardo Aybar y el Dar\u00edo Contreras.<\/span><\/p>\n<\/p>\n<p><span class=\"text1noticias\">Indic\u00f3 que el objetivo que es que en el primer nivel de atenci\u00f3n se resuelva alrededor del 70 por ciento de las atenciones de salud de las poblaciones de la capital y los municipios que integran la provincia Santo Domingo.<\/span><\/p>\n<\/p>\n<p><span class=\"text1noticias\">Del sector La Barquita, Rojas G\u00f3mez acudi\u00f3 a la Maternidad San Lorenzo de Los Mina, donde supervis\u00f3 el reinicio de los trabajos para la terminaci\u00f3n del anexo de que se levanta en el lugar desde hace tiempo.<\/span><\/p>\n<\/p>\n<p><span class=\"text1noticias\">?Hoy es un d\u00eda importante porque finalmente lograremos concluir esta edificaci\u00f3n, y esperamos que en una diez o doce semana la entreguemos a la comunidad?, expres\u00f3.<\/span><\/p>\n<\/p>\n<p><span class=\"text1noticias\">Asume rector\u00eda cl\u00ednica Ralma <\/span><\/p>\n<\/p>\n<p><span class=\"text1noticias\">El Ministerio de Salud P\u00fablica,  en lo adelante, a administrar\u00e1 y pondr\u00e1 en servicio a toda capacidad el centro de salud que funcionaba  bajo la rector\u00eda del Ayuntamiento del municipio Santo Domingo Este, provincia Santo Domingo, ubicado en la Urbanizaci\u00f3n Ralma, en la Zona Oriental .<\/span><\/p>\n<\/p>\n<p><span class=\"text1noticias\">La medida fue adoptada mediante un acuerdo interinstitucional de traspaso firmado este mi\u00e9rcoles entre los  incumbentes de ambas instituciones, doctor Bautista Rojas G\u00f3mez y el licenciado Juan de los Santos, respectivamente. El acto se llev\u00f3 a cabo en el Despacho del ministro de Salud.<\/span><\/p>\n<\/p>\n<p><span class=\"text1noticias\">Seg\u00fan lo acordado, el Ministerio de Salud se dispone rehabilitar y equipar el centro sanitario con el objetivo de de convertirlo en un centro en condiciones de responder a las m\u00faltiples demandas de salud de los habitantes de esa zona. En el mismo, se ofrecer\u00e1n consultas generales, odontol\u00f3gica  y funcionar\u00e1 un centro de diagn\u00f3stico, entre otros servicios.  <\/span><\/p>\n<p><span class=\"text1noticias\">     <\/span><\/p>\n<p><span class=\"text1noticias\">En la  firma del convenio  participaron, adem\u00e1s del ministro de salud, y el alcalde municipal, el director de los Servicios Regionales de Salud Metropolitano, doctor Enrriquillo Matos, as\u00ed como  otros funcionarios del Ministerio de Salud y del cabildo de Santo Domingo Este.<\/span><\/p>\n<\/p>\n<p><span class=\"text1noticias\">El acuerdo de traspaso a Salud P\u00fablica del referido establecimiento sanitario forma parte de los esfuerzos e inter\u00e9s permanente de las autoridades, por ampliar la cobertura, eficientizar los servicios y mejorar la atenci\u00f3n a la poblaci\u00f3n en sentido general.<\/span><\/p>\n<\/p>\n<\/p>\n<h6> 2010-11-10 21:33:32 <\/h6>\n<p><!--\n<link rel=\"stylesheet\" href=\"css\/bootstrap.min.css\">\n\n\n<ul class=\"pagination\">\n\t    \n\t\n\n<li >\n\t<a href='?page_no=30631'>Previous<\/a>\n\t<\/li>\n\n\n       \n    \n\n<li><a href='?page_no=1'>1<\/a><\/li>\n\n\n\n<li><a href='?page_no=2'>2<\/a><\/li>\n\n\n\n<li><a>...<\/a><\/li>\n\n\n\n<li><a href='?page_no=30630'>30630<\/a><\/li>\n\n\n\n<li><a href='?page_no=30631'>30631<\/a><\/li>\n\n\n\n<li class='active'><a>30632<\/a><\/li>\n\n\n\n<li><a href='?page_no=30633'>30633<\/a><\/li>\n\n\n\n<li><a href='?page_no=30634'>30634<\/a><\/li>\n\n\n\n<li><a>...<\/a><\/li>\n\n\n\n<li><a href='?page_no=31963'>31963<\/a><\/li>\n\n\n\n<li><a href='?page_no=31964'>31964<\/a><\/li>\n\n    \n\t\n\n<li >\n\t<a href='?page_no=30633'>Next<\/a>\n\t<\/li>\n\n\n    \n\n<li><a href='?page_no=31964'>Last &rsaquo;&rsaquo;<\/a><\/li>\n\n<\/ul>\n\n\n--><br \/>\n<\/body><\/p>\n","protected":false},"excerpt":{"rendered":"<p>El doctor Bautista Rojas G\u00f3mez supervisa trabajos de construcci\u00f3n anexo Maternidad de Los Mina, y asegura obra ser\u00e1 entregada en tres meses Santo Domingo.- El Ministerio de Salud P\u00fablica inici\u00f3 este mi\u00e9rcoles proyecto de construcci\u00f3n de centros de atenci\u00f3n primaria en el Distrito Nacional y la provincia de Santo Domingo, con la que pretende el [&hellip;]<\/p>\n","protected":false},"author":3,"featured_media":0,"comment_status":"open","ping_status":"open","sticky":false,"template":"","format":"standard","meta":{"footnotes":""},"categories":[24],"tags":[],"class_list":["post-155464","post","type-post","status-publish","format-standard","hentry","category-justicia-y-derecho"],"_links":{"self":[{"href":"https:\/\/diariodominicano.com\/index.php?rest_route=\/wp\/v2\/posts\/155464","targetHints":{"allow":["GET"]}}],"collection":[{"href":"https:\/\/diariodominicano.com\/index.php?rest_route=\/wp\/v2\/posts"}],"about":[{"href":"https:\/\/diariodominicano.com\/index.php?rest_route=\/wp\/v2\/types\/post"}],"author":[{"embeddable":true,"href":"https:\/\/diariodominicano.com\/index.php?rest_route=\/wp\/v2\/users\/3"}],"replies":[{"embeddable":true,"href":"https:\/\/diariodominicano.com\/index.php?rest_route=%2Fwp%2Fv2%2Fcomments&post=155464"}],"version-history":[{"count":0,"href":"https:\/\/diariodominicano.com\/index.php?rest_route=\/wp\/v2\/posts\/155464\/revisions"}],"wp:attachment":[{"href":"https:\/\/diariodominicano.com\/index.php?rest_route=%2Fwp%2Fv2%2Fmedia&parent=155464"}],"wp:term":[{"taxonomy":"category","embeddable":true,"href":"https:\/\/diariodominicano.com\/index.php?rest_route=%2Fwp%2Fv2%2Fcategories&post=155464"},{"taxonomy":"post_tag","embeddable":true,"href":"https:\/\/diariodominicano.com\/index.php?rest_route=%2Fwp%2Fv2%2Ftags&post=155464"}],"curies":[{"name":"wp","href":"https:\/\/api.w.org\/{rel}","templated":true}]}}