{"id":155463,"date":"2010-11-10T21:40:46","date_gmt":"2010-11-10T21:40:46","guid":{"rendered":"http:\/\/diariodominicano.ddns.net\/?p=155463"},"modified":"2010-11-10T21:40:46","modified_gmt":"2010-11-10T21:40:46","slug":"juicio-acusados-por-aduanas-de-contrabando-de-divisas-al-intentar-introducir-1-millon-269-mil-416-dolares-en-lancha-desde-puerto-rico","status":"publish","type":"post","link":"https:\/\/diariodominicano.com\/?p=155463","title":{"rendered":"Juicio acusados por Aduanas de contrabando de divisas al intentar introducir 1 mill\u00f3n 269 mil 416 d\u00f3lares en lancha desde Puerto Rico"},"content":{"rendered":"<p><body><\/p>\n<\/p>\n<p><span class=\"text1noticias\"> <\/span><\/p>\n<\/p>\n<p><span class=\"text1noticias\">Santo Domingo.- El juzgado  de la Instrucci\u00f3n del Distrito Judicial de Saman\u00e1 dict\u00f3 auto de apertura a juicio contra los se\u00f1ores Ismael King  Almeida y Felipe Encarnaci\u00f3n Paredes, acusados por la Direcci\u00f3n  General de Aduanas y el procurador fiscal de la provincia de incurrir en contrabando de divisas al intentar introducir de manera irregular 1 mill\u00f3n 269 mil 416 d\u00f3lares en abril de este a\u00f1o.<\/span><\/p>\n<\/p>\n<p><span class=\"text1noticias\"> En la audiencia preliminar el procurador fiscal de la provincia y los representantes de Aduanas expusieran los fundamentos de su acusaci\u00f3n. Con la decisi\u00f3n del juzgado de la Instrucci\u00f3n el caso pasa ahora al juicio de fondo.<\/span><\/p>\n<\/p>\n<p><span class=\"text1noticias\">El juez tom\u00f3 la decisi\u00f3n tras rechazar un incidente planteado por los abogados de la defensa de los imputados quienes solicitaron  excluir del proceso a la querellante y actora civil, la Direcci\u00f3n General de Aduana.  El pedimento de exclusi\u00f3n fue debatido tanto por  el  fiscal Juan Medina como por los abogados de la DGA quienes indicaron  al tribunal que las disposiciones del art\u00edculo 85 del C\u00f3digo Procesal Penal no aplicaba al caso de la Direcci\u00f3n General de Aduanas debido a que la Ley 226-06 le confiri\u00f3 la autonom\u00eda administrativa, presupuestaria y patrimonial.<\/span><\/p>\n<\/p>\n<p><span class=\"text1noticias\">Se recuerda que a finales de abril de este a\u00f1o los se\u00f1ores King Almeida  y Encarnaci\u00f3n Paredes fueron detenidos por el delito de contrabando cuando fueron detenidos en una fr\u00e1gil embarcaci\u00f3n procedente de Puerto Rico.<\/span><\/p>\n<\/p>\n<p><span class=\"text1noticias\"> Tanto la Direcci\u00f3n General de Aduanas como la Procuradur\u00eda Fiscal de Sanana presentaron acusaci\u00f3n en contra de los acusados,  la que fue discutida en la audiencia preliminar  del d\u00eda martes 9 del mes en curso.<\/span><\/p>\n<\/p>\n<p><span class=\"text1noticias\">La detenci\u00f3n la llevaron a cabo oficiales de Aduanas luego de que King Almeida  y Encarnaci\u00f3n Paredes fueran interceptados  en alta mar por oficiales de la Marina de Guerra que remolcaron la embarcaci\u00f3n hasta el puerto Santa B\u00e1rbara, donde le fueron comisados los tres bultos en que estaba oculto el dinero.<\/span><\/p>\n<\/p>\n<\/p>\n<h6> 2010-11-10 21:40:46 <\/h6>\n<p><!--\n<link rel=\"stylesheet\" href=\"css\/bootstrap.min.css\">\n\n\n<ul class=\"pagination\">\n\t    \n\t\n\n<li >\n\t<a href='?page_no=30630'>Previous<\/a>\n\t<\/li>\n\n\n       \n    \n\n<li><a href='?page_no=1'>1<\/a><\/li>\n\n\n\n<li><a href='?page_no=2'>2<\/a><\/li>\n\n\n\n<li><a>...<\/a><\/li>\n\n\n\n<li><a href='?page_no=30629'>30629<\/a><\/li>\n\n\n\n<li><a href='?page_no=30630'>30630<\/a><\/li>\n\n\n\n<li class='active'><a>30631<\/a><\/li>\n\n\n\n<li><a href='?page_no=30632'>30632<\/a><\/li>\n\n\n\n<li><a href='?page_no=30633'>30633<\/a><\/li>\n\n\n\n<li><a>...<\/a><\/li>\n\n\n\n<li><a href='?page_no=31963'>31963<\/a><\/li>\n\n\n\n<li><a href='?page_no=31964'>31964<\/a><\/li>\n\n    \n\t\n\n<li >\n\t<a href='?page_no=30632'>Next<\/a>\n\t<\/li>\n\n\n    \n\n<li><a href='?page_no=31964'>Last &rsaquo;&rsaquo;<\/a><\/li>\n\n<\/ul>\n\n\n--><br \/>\n<\/body><\/p>\n","protected":false},"excerpt":{"rendered":"<p>Santo Domingo.- El juzgado de la Instrucci\u00f3n del Distrito Judicial de Saman\u00e1 dict\u00f3 auto de apertura a juicio contra los se\u00f1ores Ismael King Almeida y Felipe Encarnaci\u00f3n Paredes, acusados por la Direcci\u00f3n General de Aduanas y el procurador fiscal de la provincia de incurrir en contrabando de divisas al intentar introducir de manera irregular 1 [&hellip;]<\/p>\n","protected":false},"author":3,"featured_media":0,"comment_status":"open","ping_status":"open","sticky":false,"template":"","format":"standard","meta":{"footnotes":""},"categories":[24],"tags":[],"class_list":["post-155463","post","type-post","status-publish","format-standard","hentry","category-justicia-y-derecho"],"_links":{"self":[{"href":"https:\/\/diariodominicano.com\/index.php?rest_route=\/wp\/v2\/posts\/155463","targetHints":{"allow":["GET"]}}],"collection":[{"href":"https:\/\/diariodominicano.com\/index.php?rest_route=\/wp\/v2\/posts"}],"about":[{"href":"https:\/\/diariodominicano.com\/index.php?rest_route=\/wp\/v2\/types\/post"}],"author":[{"embeddable":true,"href":"https:\/\/diariodominicano.com\/index.php?rest_route=\/wp\/v2\/users\/3"}],"replies":[{"embeddable":true,"href":"https:\/\/diariodominicano.com\/index.php?rest_route=%2Fwp%2Fv2%2Fcomments&post=155463"}],"version-history":[{"count":0,"href":"https:\/\/diariodominicano.com\/index.php?rest_route=\/wp\/v2\/posts\/155463\/revisions"}],"wp:attachment":[{"href":"https:\/\/diariodominicano.com\/index.php?rest_route=%2Fwp%2Fv2%2Fmedia&parent=155463"}],"wp:term":[{"taxonomy":"category","embeddable":true,"href":"https:\/\/diariodominicano.com\/index.php?rest_route=%2Fwp%2Fv2%2Fcategories&post=155463"},{"taxonomy":"post_tag","embeddable":true,"href":"https:\/\/diariodominicano.com\/index.php?rest_route=%2Fwp%2Fv2%2Ftags&post=155463"}],"curies":[{"name":"wp","href":"https:\/\/api.w.org\/{rel}","templated":true}]}}