{"id":155461,"date":"2010-11-10T22:08:20","date_gmt":"2010-11-10T22:08:20","guid":{"rendered":"http:\/\/diariodominicano.ddns.net\/?p=155461"},"modified":"2010-11-10T22:08:20","modified_gmt":"2010-11-10T22:08:20","slug":"bid-considera-corrupcion-e-impunidad-aumenta-inseguridad-ciudadana","status":"publish","type":"post","link":"https:\/\/diariodominicano.com\/?p=155461","title":{"rendered":"BID considera corrupci\u00f3n  e impunidad, aumenta inseguridad ciudadana"},"content":{"rendered":"<p><body><\/p>\n<p><img decoding=\"async\" src=\"http:\/\/localhost:8080\/justiciayderecho\/img3\/logo-BID.jpg\" \/>  <\/p>\n<p><span class=\"text1noticias\">SANTO DOMINGO.-Expertos del Banco Interamericano de Desarrollo (BID) consideraron este mi\u00e9rcoles   que la corrupci\u00f3n y la impunidad aumentan la inseguridad ciudadana en las sociedades.<\/span><\/p>\n<\/p>\n<p><span class=\"text1noticias\">Mauricio Garc\u00eda Mej\u00eda, especialista en Modernizaci\u00f3n del Estado del BID, dice que en consecuencia la corrupci\u00f3n de funcionarios p\u00fablicos con frecuencia es un producto de la delincuencia organizada.<\/span><\/p>\n<\/p>\n<p><span class=\"text1noticias\">Afirma que la cultura de la corrupci\u00f3n surge, principalmente, por fallas en la selecci\u00f3n, entrenamiento y promoci\u00f3n del personal que trabaja en las instituciones encargadas de trabajar en la seguridad ciudadana.<\/span><\/p>\n<\/p>\n<p><span class=\"text1noticias\">Garc\u00eda Mej\u00eda, quien expuso en \u00abMetodolog\u00eda para el Diagn\u00f3stico, Prevenci\u00f3n y Control de la Corrupci\u00f3n en Programas de Seguridad Ciudadana\u00bb, detall\u00f3 que otras de las fallas que propician la corrupci\u00f3n tiene que ver con los salarios, equipamientos y los sistemas de rendici\u00f3n de cuentas.<\/span><\/p>\n<\/p>\n<p><span class=\"text1noticias\">De su lado, Paloma Baena Olabe, especialista senior en Modernizaci\u00f3n del Estado y Coordinadora del \u00c1rea de Transparencia y Anticorrupci\u00f3n del BID, dice que diferentes estudios han determinado que la corrupci\u00f3n afecta de manera negativa el desarrollo econ\u00f3mico de los pa\u00edses, la distribuci\u00f3n del ingreso, la legitimidad del sistema pol\u00edtico y el grado de criminalidad y delincuencia. <\/span><\/p>\n<\/p>\n<p><span class=\"text1noticias\">Al exponer en el tema \u00abEl Acceso a la Informaci\u00f3n como Herramienta para Prevenir y Controlar la Corrupci\u00f3n\u00bb, Baena Olabe,  sostuvo que los efectos de la malversaci\u00f3n de los recursos del Estado afecta incluso la inversi\u00f3n.<\/span><\/p>\n<\/p>\n<p><span class=\"text1noticias\">Dice que dentro de los esfuerzos que han hecho los diferentes pa\u00edses de Am\u00e9rica Latina y el Caribe, adem\u00e1s de fortalecer sus instituciones que tienen que ver con el Poder Judicial y Legislativo, as\u00ed como el fortalecimiento de instituciones especializadas en la lucha de la corrupci\u00f3n, figura la de promover el acceso a la informaci\u00f3n del ciudadano con respecto a la gesti\u00f3n de cada una de  las diferentes instituciones p\u00fablicas.<\/span><\/p>\n<\/p>\n<p><span class=\"text1noticias\">Cit\u00f3 el caso de El Salvador y Paraguay, pa\u00edses que, afirma, no cuentan con legislaciones de acceso a la informaci\u00f3n, pero que est\u00e1n considerando proyectos de ley al respecto.<\/span><\/p>\n<\/p>\n<p><span class=\"text1noticias\">Baena Olabe considera que la ?explosi\u00f3n de leyes de acceso a la informaci\u00f3n tiene origen no solo en el reconocimiento de su car\u00e1cter como derecho fundamental, sino tambi\u00e9n por su rol de derecho instrumental, es decir, como condici\u00f3n sine qua non para la realizaci\u00f3n de derechos econ\u00f3micos, sociales y culturales en \u00e1reas tan diversas como la salud, el funcionamiento de los poderes legislativo, la igualdad de g\u00e9nero y la prevenci\u00f3n y control de la corrupci\u00f3n?.<\/span><\/p>\n<\/p>\n<p><span class=\"text1noticias\">Expuso que el derecho a la informaci\u00f3n tiene base en los principios de representaci\u00f3n de la poblaci\u00f3n que ha elegido a sus gobernantes a trav\u00e9s del voto, cuyas acciones deben estar abiertas al escrutinio p\u00fablico.<\/span><\/p>\n<\/p>\n<p><span class=\"text1noticias\">Los expositores participaron en  el panel sobre ?Los Nuevos Enfoques en la Prevenci\u00f3n y Control de la Corrupci\u00f3n en la esfera P\u00fablica, desarrollado en el XV Congreso del Centro Latinoamericano para el Desarrollo ( CLAD).<\/span><\/p>\n<\/p>\n<p><span class=\"text1noticias\">En este panel, participaron, adem\u00e1s, Fernando Cerna y Ana In\u00e9s Basco, consultor de la divisi\u00f3n de Energ\u00eda y consultora en Modernizaci\u00f3n del Estado, en el Departamento de Capacidad Institucional del BID, respectivamente.<\/span><\/p>\n<\/p>\n<p><span class=\"text1noticias\">Cerna disert\u00f3 sobre ?Una Nueva Frontera: La Transparencia y la Eficiencia de la gesti\u00f3n del Mercado El\u00e9ctrico, mientras que Basco expuso sobre la Metodolog\u00eda de Diagn\u00f3stico del Marco Institucional para la Lucha contra la Corrupci\u00f3n?.<\/span><\/p>\n<\/p>\n<p><span class=\"text1noticias\">El XV Congreso del Centro Latinoamericano para el Desarrollo, CLAD, Sobre la Reforma del Estado y la Administraci\u00f3n P\u00fablica se desarrolla en el pa\u00eds en Hotel V Centenario de esta Capital. El evento es auspiciado por el organismo regional y el Ministerio de la Administraci\u00f3n P\u00fablica.<\/span><\/p>\n<\/p>\n<p><span class=\"text1noticias\">El CLAD es un organismo p\u00fablico internacional fundado en el a\u00f1o 1972, bajo la iniciativa del gobierno de M\u00e9xico, Per\u00fa y Venezuela.<\/span><\/p>\n<\/p>\n<h6> 2010-11-10 22:08:20 <\/h6>\n<p><!--\n<link rel=\"stylesheet\" href=\"css\/bootstrap.min.css\">\n\n\n<ul class=\"pagination\">\n\t    \n\t\n\n<li >\n\t<a href='?page_no=30628'>Previous<\/a>\n\t<\/li>\n\n\n       \n    \n\n<li><a href='?page_no=1'>1<\/a><\/li>\n\n\n\n<li><a href='?page_no=2'>2<\/a><\/li>\n\n\n\n<li><a>...<\/a><\/li>\n\n\n\n<li><a href='?page_no=30627'>30627<\/a><\/li>\n\n\n\n<li><a href='?page_no=30628'>30628<\/a><\/li>\n\n\n\n<li class='active'><a>30629<\/a><\/li>\n\n\n\n<li><a href='?page_no=30630'>30630<\/a><\/li>\n\n\n\n<li><a href='?page_no=30631'>30631<\/a><\/li>\n\n\n\n<li><a>...<\/a><\/li>\n\n\n\n<li><a href='?page_no=31963'>31963<\/a><\/li>\n\n\n\n<li><a href='?page_no=31964'>31964<\/a><\/li>\n\n    \n\t\n\n<li >\n\t<a href='?page_no=30630'>Next<\/a>\n\t<\/li>\n\n\n    \n\n<li><a href='?page_no=31964'>Last &rsaquo;&rsaquo;<\/a><\/li>\n\n<\/ul>\n\n\n--><br \/>\n<\/body><\/p>\n","protected":false},"excerpt":{"rendered":"<p>SANTO DOMINGO.-Expertos del Banco Interamericano de Desarrollo (BID) consideraron este mi\u00e9rcoles que la corrupci\u00f3n y la impunidad aumentan la inseguridad ciudadana en las sociedades. Mauricio Garc\u00eda Mej\u00eda, especialista en Modernizaci\u00f3n del Estado del BID, dice que en consecuencia la corrupci\u00f3n de funcionarios p\u00fablicos con frecuencia es un producto de la delincuencia organizada. Afirma que la [&hellip;]<\/p>\n","protected":false},"author":3,"featured_media":0,"comment_status":"open","ping_status":"open","sticky":false,"template":"","format":"standard","meta":{"footnotes":""},"categories":[24],"tags":[],"class_list":["post-155461","post","type-post","status-publish","format-standard","hentry","category-justicia-y-derecho"],"_links":{"self":[{"href":"https:\/\/diariodominicano.com\/index.php?rest_route=\/wp\/v2\/posts\/155461","targetHints":{"allow":["GET"]}}],"collection":[{"href":"https:\/\/diariodominicano.com\/index.php?rest_route=\/wp\/v2\/posts"}],"about":[{"href":"https:\/\/diariodominicano.com\/index.php?rest_route=\/wp\/v2\/types\/post"}],"author":[{"embeddable":true,"href":"https:\/\/diariodominicano.com\/index.php?rest_route=\/wp\/v2\/users\/3"}],"replies":[{"embeddable":true,"href":"https:\/\/diariodominicano.com\/index.php?rest_route=%2Fwp%2Fv2%2Fcomments&post=155461"}],"version-history":[{"count":0,"href":"https:\/\/diariodominicano.com\/index.php?rest_route=\/wp\/v2\/posts\/155461\/revisions"}],"wp:attachment":[{"href":"https:\/\/diariodominicano.com\/index.php?rest_route=%2Fwp%2Fv2%2Fmedia&parent=155461"}],"wp:term":[{"taxonomy":"category","embeddable":true,"href":"https:\/\/diariodominicano.com\/index.php?rest_route=%2Fwp%2Fv2%2Fcategories&post=155461"},{"taxonomy":"post_tag","embeddable":true,"href":"https:\/\/diariodominicano.com\/index.php?rest_route=%2Fwp%2Fv2%2Ftags&post=155461"}],"curies":[{"name":"wp","href":"https:\/\/api.w.org\/{rel}","templated":true}]}}