{"id":155460,"date":"2010-11-10T22:22:12","date_gmt":"2010-11-10T22:22:12","guid":{"rendered":"http:\/\/diariodominicano.ddns.net\/?p=155460"},"modified":"2010-11-10T22:22:12","modified_gmt":"2010-11-10T22:22:12","slug":"jordi-veras-esposa-e-hijos-se-fueron-este-miercoles-a-houston-eeuu","status":"publish","type":"post","link":"https:\/\/diariodominicano.com\/?p=155460","title":{"rendered":"Jordi Veras, esposa e hijos se fueron este mi\u00e9rcoles  a Houston, EEUU"},"content":{"rendered":"<p><body><\/p>\n<p><img decoding=\"async\" src=\"http:\/\/localhost:8080\/justiciayderecho\/img3\/jordi veras.jpg\" \/>  <\/p>\n<\/p>\n<p><span class=\"text1noticias\">Santiago.-El abogado y comunicador Jordi Veras sali\u00f3 este mi\u00e9rcoles  del pa\u00eds con su esposa e hijos, con destino a Houston, Estados Unidos.<\/span><\/p>\n<\/p>\n<p><span class=\"text1noticias\">Veras  el 2 de junio pasado sufri\u00f3 un atentado mientras llegaba al canal 25 de esta ciudad donde ten\u00eda un programa.<\/span><\/p>\n<\/p>\n<p><span class=\"text1noticias\">Su padre Ram\u00f3n Antonio Veras rehus\u00f3 referirse al tema, y dijo que se buscaran sus declaraciones  anteriores de  que la familia entendi\u00f3 que la seguridad de Jordi y sus hijos estaba mejor garantizada fuera del pa\u00eds.<\/span><\/p>\n<\/p>\n<p><span class=\"text1noticias\">Reiter\u00f3 que espera que la Justicia dominicana aclarar\u00e1 el caso de su hijo y que los autores materiales e intelectuales  ser\u00e1n apresados y debidamente sancionados.<\/span><\/p>\n<\/p>\n<p><span class=\"text1noticias\">Francisco Alberto Carela Castro, quien fue apresado por filmar parejas en moteles, tambi\u00e9n es investigado por presuntamente tener un video con las personas que atacaron al jurista y comunicador. <\/span><\/p>\n<\/p>\n<h6> 2010-11-10 22:22:12 <\/h6>\n<p><!--\n<link rel=\"stylesheet\" href=\"css\/bootstrap.min.css\">\n\n\n<ul class=\"pagination\">\n\t    \n\t\n\n<li >\n\t<a href='?page_no=30627'>Previous<\/a>\n\t<\/li>\n\n\n       \n    \n\n<li><a href='?page_no=1'>1<\/a><\/li>\n\n\n\n<li><a href='?page_no=2'>2<\/a><\/li>\n\n\n\n<li><a>...<\/a><\/li>\n\n\n\n<li><a href='?page_no=30626'>30626<\/a><\/li>\n\n\n\n<li><a href='?page_no=30627'>30627<\/a><\/li>\n\n\n\n<li class='active'><a>30628<\/a><\/li>\n\n\n\n<li><a href='?page_no=30629'>30629<\/a><\/li>\n\n\n\n<li><a href='?page_no=30630'>30630<\/a><\/li>\n\n\n\n<li><a>...<\/a><\/li>\n\n\n\n<li><a href='?page_no=31963'>31963<\/a><\/li>\n\n\n\n<li><a href='?page_no=31964'>31964<\/a><\/li>\n\n    \n\t\n\n<li >\n\t<a href='?page_no=30629'>Next<\/a>\n\t<\/li>\n\n\n    \n\n<li><a href='?page_no=31964'>Last &rsaquo;&rsaquo;<\/a><\/li>\n\n<\/ul>\n\n\n--><br \/>\n<\/body><\/p>\n","protected":false},"excerpt":{"rendered":"<p>Santiago.-El abogado y comunicador Jordi Veras sali\u00f3 este mi\u00e9rcoles del pa\u00eds con su esposa e hijos, con destino a Houston, Estados Unidos. Veras el 2 de junio pasado sufri\u00f3 un atentado mientras llegaba al canal 25 de esta ciudad donde ten\u00eda un programa. Su padre Ram\u00f3n Antonio Veras rehus\u00f3 referirse al tema, y dijo que [&hellip;]<\/p>\n","protected":false},"author":3,"featured_media":0,"comment_status":"open","ping_status":"open","sticky":false,"template":"","format":"standard","meta":{"footnotes":""},"categories":[24],"tags":[],"class_list":["post-155460","post","type-post","status-publish","format-standard","hentry","category-justicia-y-derecho"],"_links":{"self":[{"href":"https:\/\/diariodominicano.com\/index.php?rest_route=\/wp\/v2\/posts\/155460","targetHints":{"allow":["GET"]}}],"collection":[{"href":"https:\/\/diariodominicano.com\/index.php?rest_route=\/wp\/v2\/posts"}],"about":[{"href":"https:\/\/diariodominicano.com\/index.php?rest_route=\/wp\/v2\/types\/post"}],"author":[{"embeddable":true,"href":"https:\/\/diariodominicano.com\/index.php?rest_route=\/wp\/v2\/users\/3"}],"replies":[{"embeddable":true,"href":"https:\/\/diariodominicano.com\/index.php?rest_route=%2Fwp%2Fv2%2Fcomments&post=155460"}],"version-history":[{"count":0,"href":"https:\/\/diariodominicano.com\/index.php?rest_route=\/wp\/v2\/posts\/155460\/revisions"}],"wp:attachment":[{"href":"https:\/\/diariodominicano.com\/index.php?rest_route=%2Fwp%2Fv2%2Fmedia&parent=155460"}],"wp:term":[{"taxonomy":"category","embeddable":true,"href":"https:\/\/diariodominicano.com\/index.php?rest_route=%2Fwp%2Fv2%2Fcategories&post=155460"},{"taxonomy":"post_tag","embeddable":true,"href":"https:\/\/diariodominicano.com\/index.php?rest_route=%2Fwp%2Fv2%2Ftags&post=155460"}],"curies":[{"name":"wp","href":"https:\/\/api.w.org\/{rel}","templated":true}]}}