{"id":155458,"date":"2010-11-11T17:28:02","date_gmt":"2010-11-11T17:28:02","guid":{"rendered":"http:\/\/diariodominicano.ddns.net\/?p=155458"},"modified":"2010-11-11T17:28:02","modified_gmt":"2010-11-11T17:28:02","slug":"policia-apresa-a-la-sandy-y-persigue-a-corolina-el-coche-bomba-por-asesinato-de-vigilante-privado","status":"publish","type":"post","link":"https:\/\/diariodominicano.com\/?p=155458","title":{"rendered":"Polic\u00eda apresa a La Sandy y persigue a Corolina  \u00abEl Coche Bomba\u00bb  por asesinato de vigilante privado &#13;"},"content":{"rendered":"<p><body><\/p>\n<p><span class=\"text1noticias\"> <\/span><\/p>\n<\/p>\n<p><span class=\"text1noticias\">SANTO DOMINGO.- Investigadores policiales apresaron ayer a una de dos mujeres acusadas de asesinar por m\u00faltiples heridas de armas blanca al vigilante privado Julio Galv\u00e1, de 76 a\u00f1os, cuyo cad\u00e1ver fue encontrado el pasado 17 de octubre, en el Residencial Belacaza, ubicado en el kil\u00f3metro 9 \u00bd de la Carretera S\u00e1nchez, inform\u00f3 la Polic\u00eda.<\/span><\/p>\n<\/p>\n<p><span class=\"text1noticias\"> <\/span><\/p>\n<\/p>\n<p><span class=\"text1noticias\">Dijo que la detenida es Sandy Esther Agust\u00edn Canario, de 34 a\u00f1os, residente en la  calle 6,  n\u00famero 31 del kil\u00f3metro diez de la S\u00e1nchez, quien esta siendo se\u00f1alada como la responsable del crimen por el hijo del hoy occiso, Lorenzo Galv\u00e1n De La Rosa.<\/span><\/p>\n<\/p>\n<p><span class=\"text1noticias\"> <\/span><\/p>\n<\/p>\n<p><span class=\"text1noticias\">Mientras que se activa la localizaci\u00f3n de la otra presunta autora del crimen identificada s\u00f3lo como \u00abCarolina El Coche Bomba\u00bb, localizable en las proximidades del kil\u00f3metro 12 de la Carretera S\u00e1nchez.<\/span><\/p>\n<\/p>\n<p><span class=\"text1noticias\"> <\/span><\/p>\n<\/p>\n<p><span class=\"text1noticias\">En torno al caso, la Polic\u00eda inform\u00f3 que el cad\u00e1ver del hoy occiso fue encontrado  boca arriba, sin camisa, en una colcha, techado con una lona azul, en la calle primera, esquina Carretera S\u00e1nchez, al lado del Mercado Agr\u00edcola ?La Gran Cosecha?, en el Residencial Belacaza.<\/span><\/p>\n<\/p>\n<p><span class=\"text1noticias\"> <\/span><\/p>\n<\/p>\n<p><span class=\"text1noticias\">La instituci\u00f3n del orden agreg\u00f3 que en estos momentos se esta activando la b\u00fasqueda de la nombrada Carolina (Coche Bomba), para luego ser puesta a disposici\u00f3n de la justicia.<\/span><\/p>\n<\/p>\n<h6> 2010-11-11 17:28:02 <\/h6>\n<p><!--\n<link rel=\"stylesheet\" href=\"css\/bootstrap.min.css\">\n\n\n<ul class=\"pagination\">\n\t    \n\t\n\n<li >\n\t<a href='?page_no=30625'>Previous<\/a>\n\t<\/li>\n\n\n       \n    \n\n<li><a href='?page_no=1'>1<\/a><\/li>\n\n\n\n<li><a href='?page_no=2'>2<\/a><\/li>\n\n\n\n<li><a>...<\/a><\/li>\n\n\n\n<li><a href='?page_no=30624'>30624<\/a><\/li>\n\n\n\n<li><a href='?page_no=30625'>30625<\/a><\/li>\n\n\n\n<li class='active'><a>30626<\/a><\/li>\n\n\n\n<li><a href='?page_no=30627'>30627<\/a><\/li>\n\n\n\n<li><a href='?page_no=30628'>30628<\/a><\/li>\n\n\n\n<li><a>...<\/a><\/li>\n\n\n\n<li><a href='?page_no=31963'>31963<\/a><\/li>\n\n\n\n<li><a href='?page_no=31964'>31964<\/a><\/li>\n\n    \n\t\n\n<li >\n\t<a href='?page_no=30627'>Next<\/a>\n\t<\/li>\n\n\n    \n\n<li><a href='?page_no=31964'>Last &rsaquo;&rsaquo;<\/a><\/li>\n\n<\/ul>\n\n\n--><br \/>\n<\/body><\/p>\n","protected":false},"excerpt":{"rendered":"<p>SANTO DOMINGO.- Investigadores policiales apresaron ayer a una de dos mujeres acusadas de asesinar por m\u00faltiples heridas de armas blanca al vigilante privado Julio Galv\u00e1, de 76 a\u00f1os, cuyo cad\u00e1ver fue encontrado el pasado 17 de octubre, en el Residencial Belacaza, ubicado en el kil\u00f3metro 9 \u00bd de la Carretera S\u00e1nchez, inform\u00f3 la Polic\u00eda. Dijo [&hellip;]<\/p>\n","protected":false},"author":3,"featured_media":0,"comment_status":"open","ping_status":"open","sticky":false,"template":"","format":"standard","meta":{"footnotes":""},"categories":[24],"tags":[],"class_list":["post-155458","post","type-post","status-publish","format-standard","hentry","category-justicia-y-derecho"],"_links":{"self":[{"href":"https:\/\/diariodominicano.com\/index.php?rest_route=\/wp\/v2\/posts\/155458","targetHints":{"allow":["GET"]}}],"collection":[{"href":"https:\/\/diariodominicano.com\/index.php?rest_route=\/wp\/v2\/posts"}],"about":[{"href":"https:\/\/diariodominicano.com\/index.php?rest_route=\/wp\/v2\/types\/post"}],"author":[{"embeddable":true,"href":"https:\/\/diariodominicano.com\/index.php?rest_route=\/wp\/v2\/users\/3"}],"replies":[{"embeddable":true,"href":"https:\/\/diariodominicano.com\/index.php?rest_route=%2Fwp%2Fv2%2Fcomments&post=155458"}],"version-history":[{"count":0,"href":"https:\/\/diariodominicano.com\/index.php?rest_route=\/wp\/v2\/posts\/155458\/revisions"}],"wp:attachment":[{"href":"https:\/\/diariodominicano.com\/index.php?rest_route=%2Fwp%2Fv2%2Fmedia&parent=155458"}],"wp:term":[{"taxonomy":"category","embeddable":true,"href":"https:\/\/diariodominicano.com\/index.php?rest_route=%2Fwp%2Fv2%2Fcategories&post=155458"},{"taxonomy":"post_tag","embeddable":true,"href":"https:\/\/diariodominicano.com\/index.php?rest_route=%2Fwp%2Fv2%2Ftags&post=155458"}],"curies":[{"name":"wp","href":"https:\/\/api.w.org\/{rel}","templated":true}]}}