{"id":155457,"date":"2010-11-11T17:52:36","date_gmt":"2010-11-11T17:52:36","guid":{"rendered":"http:\/\/diariodominicano.ddns.net\/?p=155457"},"modified":"2010-11-11T17:52:36","modified_gmt":"2010-11-11T17:52:36","slug":"gobiernos-rd-y-ecuador-firman-convenio-para-reconstruccion-de-haiti","status":"publish","type":"post","link":"https:\/\/diariodominicano.com\/?p=155457","title":{"rendered":"Gobiernos RD y Ecuador firman convenio para reconstrucci\u00f3n de Hait\u00ed"},"content":{"rendered":"<p><body><\/p>\n<p><img decoding=\"async\" src=\"http:\/\/localhost:8080\/justiciayderecho\/img3\/ACUERDO Ecuador- RD.JPG\" \/>  <\/p>\n<p><span class=\"text1noticias\">Santo Domingo, RD, 11 nov 2010.- Los gobiernos de  Rep\u00fablica Dominicana y el Ecuador firmaron un acuerdo de cooperaci\u00f3n para la reconstrucci\u00f3n de Hait\u00ed, mediante el cual el pa\u00eds prestar\u00e1 facilidades para la adquisici\u00f3n o importaci\u00f3n de bienes sanitarios, m\u00e9dicos, maquinarias y materiales de construcci\u00f3n libre de impuestos.<\/span><\/p>\n<\/p>\n<p><span class=\"text1noticias\">El convenio fue rubricado por el ministro de Relaciones Exteriores, Carlos Morales Troncoso y el embajador ecuatoriano en el pa\u00eds, Carlos L\u00f3pez Damm, dentro del marco de medidas urgentes promovidas por la Uni\u00f3n de Naciones Sudamericanas (UNASUR) y la comunidad internacional para la reconstrucci\u00f3n de Hait\u00ed.<\/span><\/p>\n<\/p>\n<p><span class=\"text1noticias\">Durante la firma del convenio, celebrada en la sede de la Canciller\u00eda, Morales Troncoso expres\u00f3 que la pol\u00edtica de cooperaci\u00f3n entre Estados constituye actualmente uno de los ejes principales de la acci\u00f3n de la sociedad internacional.<\/span><\/p>\n<\/p>\n<p><span class=\"text1noticias\">Record\u00f3 que a ra\u00edz del tr\u00e1gico fen\u00f3meno natural que se produjo en Hait\u00ed, Rep\u00fablica Dominicana estuvo entre los primeros pa\u00edses que acudieron en su auxilio llevando equipos, materiales, alimentos y servicios m\u00e9dicos, y sirviendo de pa\u00eds receptor y de tr\u00e1nsito de donaciones dirigidas al pueblo y haitiano.<\/span><\/p>\n<\/p>\n<p><span class=\"text1noticias\">Dijo que mediante este acuerdo, el pa\u00eds nueva vez decide apoyar mecanismos que coadyuven a las labores de ayuda humanitaria y de reconstrucci\u00f3n de Hait\u00ed, el que confi\u00f3 resulte beneficioso y contribuya a estrechar a\u00fan m\u00e1s ?los lazos de hermandad y colaboraci\u00f3n existentes entre la Rep\u00fablica Dominicana y la Rep\u00fablica del Ecuador?.<\/span><\/p>\n<\/p>\n<p><span class=\"text1noticias\">De su lado, el embajador Damm, agradeci\u00f3 la cooperaci\u00f3n del gobierno dominicano para facilitar la ayuda del Ecuador en las tareas de reconstrucci\u00f3n del devastado Hait\u00ed y dijo que la firma del convenio robustece los tradicionales lasos de amistad entre los dos pa\u00edses.<\/span><\/p>\n<\/p>\n<p><span class=\"text1noticias\">Seg\u00fan establece el pacto, el gobierno dominicano se comprometi\u00f3, adem\u00e1s, a conceder las facilidades aduaneras para el ingreso y salida en la frontera nacional de las importaciones y exportaciones de veh\u00edculos, maquinarias e insumos, incluidos combustibles, lubricantes, repuestos y otros bienes necesarios para cumplir con el objetivo programado.<\/span><\/p>\n<h6> 2010-11-11 17:52:36 <\/h6>\n<p><!--\n<link rel=\"stylesheet\" href=\"css\/bootstrap.min.css\">\n\n\n<ul class=\"pagination\">\n\t    \n\t\n\n<li >\n\t<a href='?page_no=30624'>Previous<\/a>\n\t<\/li>\n\n\n       \n    \n\n<li><a href='?page_no=1'>1<\/a><\/li>\n\n\n\n<li><a href='?page_no=2'>2<\/a><\/li>\n\n\n\n<li><a>...<\/a><\/li>\n\n\n\n<li><a href='?page_no=30623'>30623<\/a><\/li>\n\n\n\n<li><a href='?page_no=30624'>30624<\/a><\/li>\n\n\n\n<li class='active'><a>30625<\/a><\/li>\n\n\n\n<li><a href='?page_no=30626'>30626<\/a><\/li>\n\n\n\n<li><a href='?page_no=30627'>30627<\/a><\/li>\n\n\n\n<li><a>...<\/a><\/li>\n\n\n\n<li><a href='?page_no=31963'>31963<\/a><\/li>\n\n\n\n<li><a href='?page_no=31964'>31964<\/a><\/li>\n\n    \n\t\n\n<li >\n\t<a href='?page_no=30626'>Next<\/a>\n\t<\/li>\n\n\n    \n\n<li><a href='?page_no=31964'>Last &rsaquo;&rsaquo;<\/a><\/li>\n\n<\/ul>\n\n\n--><br \/>\n<\/body><\/p>\n","protected":false},"excerpt":{"rendered":"<p>Santo Domingo, RD, 11 nov 2010.- Los gobiernos de Rep\u00fablica Dominicana y el Ecuador firmaron un acuerdo de cooperaci\u00f3n para la reconstrucci\u00f3n de Hait\u00ed, mediante el cual el pa\u00eds prestar\u00e1 facilidades para la adquisici\u00f3n o importaci\u00f3n de bienes sanitarios, m\u00e9dicos, maquinarias y materiales de construcci\u00f3n libre de impuestos. El convenio fue rubricado por el ministro [&hellip;]<\/p>\n","protected":false},"author":3,"featured_media":0,"comment_status":"open","ping_status":"open","sticky":false,"template":"","format":"standard","meta":{"footnotes":""},"categories":[24],"tags":[],"class_list":["post-155457","post","type-post","status-publish","format-standard","hentry","category-justicia-y-derecho"],"_links":{"self":[{"href":"https:\/\/diariodominicano.com\/index.php?rest_route=\/wp\/v2\/posts\/155457","targetHints":{"allow":["GET"]}}],"collection":[{"href":"https:\/\/diariodominicano.com\/index.php?rest_route=\/wp\/v2\/posts"}],"about":[{"href":"https:\/\/diariodominicano.com\/index.php?rest_route=\/wp\/v2\/types\/post"}],"author":[{"embeddable":true,"href":"https:\/\/diariodominicano.com\/index.php?rest_route=\/wp\/v2\/users\/3"}],"replies":[{"embeddable":true,"href":"https:\/\/diariodominicano.com\/index.php?rest_route=%2Fwp%2Fv2%2Fcomments&post=155457"}],"version-history":[{"count":0,"href":"https:\/\/diariodominicano.com\/index.php?rest_route=\/wp\/v2\/posts\/155457\/revisions"}],"wp:attachment":[{"href":"https:\/\/diariodominicano.com\/index.php?rest_route=%2Fwp%2Fv2%2Fmedia&parent=155457"}],"wp:term":[{"taxonomy":"category","embeddable":true,"href":"https:\/\/diariodominicano.com\/index.php?rest_route=%2Fwp%2Fv2%2Fcategories&post=155457"},{"taxonomy":"post_tag","embeddable":true,"href":"https:\/\/diariodominicano.com\/index.php?rest_route=%2Fwp%2Fv2%2Ftags&post=155457"}],"curies":[{"name":"wp","href":"https:\/\/api.w.org\/{rel}","templated":true}]}}