{"id":155455,"date":"2010-11-11T20:46:48","date_gmt":"2010-11-11T20:46:48","guid":{"rendered":"http:\/\/diariodominicano.ddns.net\/?p=155455"},"modified":"2010-11-11T20:46:48","modified_gmt":"2010-11-11T20:46:48","slug":"uasd-solicita-al-congreso-aumento-presupuesto-para-el-2011","status":"publish","type":"post","link":"https:\/\/diariodominicano.com\/?p=155455","title":{"rendered":"UASD solicita al Congreso aumento presupuesto para el 2011"},"content":{"rendered":"<p><body><\/p>\n<\/p>\n<p><span class=\"text1noticias\">\tEl rector de la Universidad Aut\u00f3noma de Santo Domingo (UASD), acompa\u00f1ado de una comisi\u00f3n de alto nivel de la academia, solicit\u00f3 al Congreso Nacional una asignaci\u00f3n presupuestaria de 5 mil 969 millones de pesos en el a\u00f1o 2011, para que el centro de altos estudios pueda ejecutar los programas de investigaci\u00f3n y contin\u00fae recibiendo nuevos estudiantes.<\/span><\/p>\n<\/p>\n<p><span class=\"text1noticias\">\tEl doctor Franklin Garcia Ferm\u00edn fue recibido en el sal\u00f3n de reuniones del Congreso Nacional por el senador de Azua y vicepresidente de la comisi\u00f3n permanente de Presupuesto de la C\u00e1mara Alta, Rafael Calder\u00f3n, quien se comprometi\u00f3 a tramitar dicho documento ante el organismo correspondiente y a respaldar que se mejore la asignaci\u00f3n presupuestaria de la UASD para el pr\u00f3ximo a\u00f1o.<\/span><\/p>\n<\/p>\n<p><span class=\"text1noticias\">\tEl principal funcionario de la academia estatal dijo que dentro del  Presupuesto de Ingresos y Ley de Gastos P\u00fablicos del 2011, a la UASD se le asigna la misma partida del a\u00f1o que discurre (4 mil 131 millones de pesos), lo que afirma, es absorbido por el pago de salarios a los docentes y empleados administrativos, dejando un d\u00e9ficit de 159 millones de pesos.<\/span><\/p>\n<\/p>\n<p><span class=\"text1noticias\">\t \u00abDe aprobarse de esa manera, la UASD se ver\u00e1 sensiblemente afectada en su desarrollo y en su normal desenvolvimiento, ya que es una instituci\u00f3n  que permanentemente va creciendo, no solo en la cantidad de alumnos y alumnas, sino en la creaci\u00f3n de nuevos centros regionales por lo que en este momento somos una de las universidades m\u00e1s grande de Am\u00e9rica Latina, ya que contamos con 180 mil estudiantes de grado\u00bb, dijo Garc\u00eda Ferm\u00edn previo a la entrega del documento. <\/span><\/p>\n<\/p>\n<p><span class=\"text1noticias\">\tDetall\u00f3 que la UASD recibir\u00e1 pr\u00f3ximamente dos nuevas ciudades universitarias ( Barahona y Valverde Mao), lo que implicar\u00e1 la contrataci\u00f3n de nuevo personal para la operaci\u00f3n de esas regionales acad\u00e9micas, a lo que agreg\u00f3, se suma el hecho de que centros como el de San Juan de la Maguana no ha podido ser abierto por falta de recursos econ\u00f3micos.<\/span><\/p>\n<\/p>\n<p><span class=\"text1noticias\">\u00abLa n\u00f3mina de la UASD es un asunto muy complejo, pues la misma var\u00eda por el incremento de la matr\u00edcula estudiantil y los cambios de categor\u00eda, que ocurre cada semestre, del personal docente. Solamente en este semestre 2010-02 se matricularon alrededor de 10 mil nuevos estudiantes\u00bb, dice el rector de la UASD en un p\u00e1rrafo de la comunicaci\u00f3n entregada el vicepresidente de la comisi\u00f3n permanente de Presupuesto del Senado de la Rep\u00fablica, Rafael Calder\u00f3n.<\/span><\/p>\n<\/p>\n<p><span class=\"text1noticias\">\tLa comunicaci\u00f3n est\u00e1 dirigida al presidente del Senado, doctor Reinaldo Pared P\u00e9rez, con atenci\u00f3n al presidente de la comisi\u00f3n bicameral que estudia el proyecto del  Presupuesto de Ingresos y Ley de Gastos P\u00fablicos del 201I, senador Dionis S\u00e1nchez.<\/span><\/p>\n<\/p>\n<p><span class=\"text1noticias\">\tTras proclamar que ser\u00eda un ?crimen de lesa humanidad? el imposibilitar el ingreso de nuevos estudiantes a la UASD por falta de recursos econ\u00f3micos, el doctor Garcia Ferm\u00edn subray\u00f3 que la partida asignada a la academia de altos estudios para el a\u00f1o 2011 no alcanza siquiera el 1 por ciento, lo que dista mucho del 5 por ciento que le corresponde al centro de altos de estudios por ley.<\/span><\/p>\n<\/p>\n<p><span class=\"text1noticias\">\tDijo que la partida solicitada por la UASD para el 2011 fue aprobada mediante resoluci\u00f3n por el Consejo Universitario, en vista de que esa cantidad de dinero es la \u00fanica garant\u00eda de que el centro de altos estudios siga contribuyendo a la motorizaci\u00f3n del desarrollo de la sociedad dominicana.<\/span><\/p>\n<\/p>\n<p><span class=\"text1noticias\">\u00abNosotros tenemos uno de los presupuestos m\u00e1s bajos de Am\u00e9rica Latina como universidad. Nosotros recibimos un presupuesto menor que la Universidad Aut\u00f3noma de Nicaragua, pa\u00eds que todo sabemos, es mucho m\u00e1s pobre que la Rep\u00fablica Dominicana. La UASD hace milagros con lo que recibe, nosotros le aportamos a este pa\u00eds un beneficio que es incalculable, en funci\u00f3n del aporte que hace el gobierno\u00bb, manifest\u00f3 el rector magn\u00edfico de la academia m\u00e1s antigua del nuevo mundo.<\/span><\/p>\n<\/p>\n<p><span class=\"text1noticias\">\tAl rector le acompa\u00f1aron la vicerrectora de Investigaci\u00f3n y Postgrado, Josefina Cooplind; el secretario general, Juan Medina; el gerente financiero, Jos\u00e9 Cancel; el tesorero, Carlos Julio Carrasco, el presidente de la Federaci\u00f3n de Asociaciones de Profesores de la UASD, Virgilio P\u00e9rez y el relacionista p\u00fablico, Juli\u00e1n Sosa.<\/span><\/p>\n<\/p>\n<h6> 2010-11-11 20:46:48 <\/h6>\n<p><!--\n<link rel=\"stylesheet\" href=\"css\/bootstrap.min.css\">\n\n\n<ul class=\"pagination\">\n\t    \n\t\n\n<li >\n\t<a href='?page_no=30622'>Previous<\/a>\n\t<\/li>\n\n\n       \n    \n\n<li><a href='?page_no=1'>1<\/a><\/li>\n\n\n\n<li><a href='?page_no=2'>2<\/a><\/li>\n\n\n\n<li><a>...<\/a><\/li>\n\n\n\n<li><a href='?page_no=30621'>30621<\/a><\/li>\n\n\n\n<li><a href='?page_no=30622'>30622<\/a><\/li>\n\n\n\n<li class='active'><a>30623<\/a><\/li>\n\n\n\n<li><a href='?page_no=30624'>30624<\/a><\/li>\n\n\n\n<li><a href='?page_no=30625'>30625<\/a><\/li>\n\n\n\n<li><a>...<\/a><\/li>\n\n\n\n<li><a href='?page_no=31963'>31963<\/a><\/li>\n\n\n\n<li><a href='?page_no=31964'>31964<\/a><\/li>\n\n    \n\t\n\n<li >\n\t<a href='?page_no=30624'>Next<\/a>\n\t<\/li>\n\n\n    \n\n<li><a href='?page_no=31964'>Last &rsaquo;&rsaquo;<\/a><\/li>\n\n<\/ul>\n\n\n--><br \/>\n<\/body><\/p>\n","protected":false},"excerpt":{"rendered":"<p>El rector de la Universidad Aut\u00f3noma de Santo Domingo (UASD), acompa\u00f1ado de una comisi\u00f3n de alto nivel de la academia, solicit\u00f3 al Congreso Nacional una asignaci\u00f3n presupuestaria de 5 mil 969 millones de pesos en el a\u00f1o 2011, para que el centro de altos estudios pueda ejecutar los programas de investigaci\u00f3n y contin\u00fae recibiendo nuevos [&hellip;]<\/p>\n","protected":false},"author":3,"featured_media":0,"comment_status":"open","ping_status":"open","sticky":false,"template":"","format":"standard","meta":{"footnotes":""},"categories":[24],"tags":[],"class_list":["post-155455","post","type-post","status-publish","format-standard","hentry","category-justicia-y-derecho"],"_links":{"self":[{"href":"https:\/\/diariodominicano.com\/index.php?rest_route=\/wp\/v2\/posts\/155455","targetHints":{"allow":["GET"]}}],"collection":[{"href":"https:\/\/diariodominicano.com\/index.php?rest_route=\/wp\/v2\/posts"}],"about":[{"href":"https:\/\/diariodominicano.com\/index.php?rest_route=\/wp\/v2\/types\/post"}],"author":[{"embeddable":true,"href":"https:\/\/diariodominicano.com\/index.php?rest_route=\/wp\/v2\/users\/3"}],"replies":[{"embeddable":true,"href":"https:\/\/diariodominicano.com\/index.php?rest_route=%2Fwp%2Fv2%2Fcomments&post=155455"}],"version-history":[{"count":0,"href":"https:\/\/diariodominicano.com\/index.php?rest_route=\/wp\/v2\/posts\/155455\/revisions"}],"wp:attachment":[{"href":"https:\/\/diariodominicano.com\/index.php?rest_route=%2Fwp%2Fv2%2Fmedia&parent=155455"}],"wp:term":[{"taxonomy":"category","embeddable":true,"href":"https:\/\/diariodominicano.com\/index.php?rest_route=%2Fwp%2Fv2%2Fcategories&post=155455"},{"taxonomy":"post_tag","embeddable":true,"href":"https:\/\/diariodominicano.com\/index.php?rest_route=%2Fwp%2Fv2%2Ftags&post=155455"}],"curies":[{"name":"wp","href":"https:\/\/api.w.org\/{rel}","templated":true}]}}