{"id":155452,"date":"2010-11-11T21:42:45","date_gmt":"2010-11-11T21:42:45","guid":{"rendered":"http:\/\/diariodominicano.ddns.net\/?p=155452"},"modified":"2010-11-11T21:42:45","modified_gmt":"2010-11-11T21:42:45","slug":"instituciones-de-barahona-buscan-disminuir-la-contaminacion-sonica","status":"publish","type":"post","link":"https:\/\/diariodominicano.com\/?p=155452","title":{"rendered":"Instituciones de Barahona, buscan disminuir la contaminacion s\u00f3nica"},"content":{"rendered":"<p><body><\/p>\n<\/p>\n<p><span class=\"text1noticias\">BARAHONA.-Con la  finalidad  de  dar  seguimiento  y analizar    las  acciones  que  llevan a  cabo  instituciones de esta provincia,  para disminuir la  contaminaci\u00f3n s\u00f3nica,  fue  realizado   un  encuentro, presidido  por  el  obispo  de la  di\u00f3cesis de  esta  ciudad, monse\u00f1or   Rafael Le\u00f3nidas  Felipe N\u00fa\u00f1ez, llevado  a cabo   en la  residencia del religioso.<\/span><\/p>\n<\/p>\n<p><span class=\"text1noticias\">En la reuni\u00f3n   se  se\u00f1alaron varias   fuentes que   provocan ruidos,  como  son el alto  volumen de  las guaguas  anunciadoras y las yipetas; establecimientos   de ventas de bebidas alcoh\u00f3licas  abiertos y colmadones.<\/span><\/p>\n<\/p>\n<p><span class=\"text1noticias\">Asimismo,   se  dieron a  conocer  las acciones  que  realiza  la procuradur\u00eda  de Medio Ambiente y  la fiscal\u00eda,  en diferentes municipios de esta provincia, fin de  evitar  que la poblaci\u00f3n sea  afectada por los  altos  vol\u00famenes de los  aparatos musicales, que  van desde la aplicaci\u00f3n de multas , incautaci\u00f3n de veh\u00edculos y  apresamientos  de   los que cometen esta infracci\u00f3n.<\/span><\/p>\n<\/p>\n<p><span class=\"text1noticias\">Tambi\u00e9n, se acord\u00f3 llevar  a  cabo   un programa de divulgaci\u00f3n,   informaci\u00f3n   y educaci\u00f3n, sobre los  efectos  que  provoca  al  ser  humano,   la  contaminaci\u00f3n s\u00f3nica.<\/span><\/p>\n<\/p>\n<p><span class=\"text1noticias\">En la  que   reunion participaron el procurador  Esteban S\u00e1nchez, el  fiscal  Pedro M\u00e1rtir; El licenciado Freddy P\u00e9rez, de Fundasur; el procurador  general y fiscal adjunto de  Medio Ambiente, doctores  Bolivar D Oleo Montero y Pedro Jim\u00e9nez, respectivamente; V\u00edctor Manuel Rodr\u00edguez, de Pro-cultura y representantes  del Ej\u00e9rcito, Polic\u00eda  Nacional, la direcci\u00f3n regional  Ministerio de Medio  Ambiente y la  Gobernaci\u00f3n Provincial.<\/span><\/p>\n<\/p>\n<p><span class=\"text1noticias\">La  contaminaci\u00f3n s\u00f3nica, es producida por  ruidos que provocan molestias comprobadas, riesgos  para la  salud, perjuicios  para los  bienes , los  recursos  naturales  o el  ambiente   en general.  Puede provocar efectos nocivos sobre la salud, el comportamiento y actividades del hombre, y provoca efectos psicol\u00f3gicos y sociales.<\/span><\/p>\n<\/p>\n<\/p>\n<h6> 2010-11-11 21:42:45 <\/h6>\n<p><!--\n<link rel=\"stylesheet\" href=\"css\/bootstrap.min.css\">\n\n\n<ul class=\"pagination\">\n\t    \n\t\n\n<li >\n\t<a href='?page_no=30619'>Previous<\/a>\n\t<\/li>\n\n\n       \n    \n\n<li><a href='?page_no=1'>1<\/a><\/li>\n\n\n\n<li><a href='?page_no=2'>2<\/a><\/li>\n\n\n\n<li><a>...<\/a><\/li>\n\n\n\n<li><a href='?page_no=30618'>30618<\/a><\/li>\n\n\n\n<li><a href='?page_no=30619'>30619<\/a><\/li>\n\n\n\n<li class='active'><a>30620<\/a><\/li>\n\n\n\n<li><a href='?page_no=30621'>30621<\/a><\/li>\n\n\n\n<li><a href='?page_no=30622'>30622<\/a><\/li>\n\n\n\n<li><a>...<\/a><\/li>\n\n\n\n<li><a href='?page_no=31963'>31963<\/a><\/li>\n\n\n\n<li><a href='?page_no=31964'>31964<\/a><\/li>\n\n    \n\t\n\n<li >\n\t<a href='?page_no=30621'>Next<\/a>\n\t<\/li>\n\n\n    \n\n<li><a href='?page_no=31964'>Last &rsaquo;&rsaquo;<\/a><\/li>\n\n<\/ul>\n\n\n--><br \/>\n<\/body><\/p>\n","protected":false},"excerpt":{"rendered":"<p>BARAHONA.-Con la finalidad de dar seguimiento y analizar las acciones que llevan a cabo instituciones de esta provincia, para disminuir la contaminaci\u00f3n s\u00f3nica, fue realizado un encuentro, presidido por el obispo de la di\u00f3cesis de esta ciudad, monse\u00f1or Rafael Le\u00f3nidas Felipe N\u00fa\u00f1ez, llevado a cabo en la residencia del religioso. En la reuni\u00f3n se se\u00f1alaron [&hellip;]<\/p>\n","protected":false},"author":3,"featured_media":0,"comment_status":"open","ping_status":"open","sticky":false,"template":"","format":"standard","meta":{"footnotes":""},"categories":[24],"tags":[],"class_list":["post-155452","post","type-post","status-publish","format-standard","hentry","category-justicia-y-derecho"],"_links":{"self":[{"href":"https:\/\/diariodominicano.com\/index.php?rest_route=\/wp\/v2\/posts\/155452","targetHints":{"allow":["GET"]}}],"collection":[{"href":"https:\/\/diariodominicano.com\/index.php?rest_route=\/wp\/v2\/posts"}],"about":[{"href":"https:\/\/diariodominicano.com\/index.php?rest_route=\/wp\/v2\/types\/post"}],"author":[{"embeddable":true,"href":"https:\/\/diariodominicano.com\/index.php?rest_route=\/wp\/v2\/users\/3"}],"replies":[{"embeddable":true,"href":"https:\/\/diariodominicano.com\/index.php?rest_route=%2Fwp%2Fv2%2Fcomments&post=155452"}],"version-history":[{"count":0,"href":"https:\/\/diariodominicano.com\/index.php?rest_route=\/wp\/v2\/posts\/155452\/revisions"}],"wp:attachment":[{"href":"https:\/\/diariodominicano.com\/index.php?rest_route=%2Fwp%2Fv2%2Fmedia&parent=155452"}],"wp:term":[{"taxonomy":"category","embeddable":true,"href":"https:\/\/diariodominicano.com\/index.php?rest_route=%2Fwp%2Fv2%2Fcategories&post=155452"},{"taxonomy":"post_tag","embeddable":true,"href":"https:\/\/diariodominicano.com\/index.php?rest_route=%2Fwp%2Fv2%2Ftags&post=155452"}],"curies":[{"name":"wp","href":"https:\/\/api.w.org\/{rel}","templated":true}]}}