{"id":155450,"date":"2010-11-11T22:22:39","date_gmt":"2010-11-11T22:22:39","guid":{"rendered":"http:\/\/diariodominicano.ddns.net\/?p=155450"},"modified":"2010-11-11T22:22:39","modified_gmt":"2010-11-11T22:22:39","slug":"familiares-florian-recusan-fiscal-sc-por-archivo-definitivo-caso-contra-dueno-arma-con-que-lo-mataron","status":"publish","type":"post","link":"https:\/\/diariodominicano.com\/?p=155450","title":{"rendered":"Familiares Flori\u00e1n recusan Fiscal SC por archivo definitivo caso contra due\u00f1o arma con que lo mataron&#13;"},"content":{"rendered":"<p><body><\/p>\n<p><strong><span class=\"text1noticias\">Piden Que El Expediente Sea Remitido A Uno De Los Fiscales Adjuntos Del Dn<\/span><\/strong><\/p>\n<p><strong><span class=\"text1noticias\">Santo Domingo.-<\/span><\/strong><span class=\"text1noticias\">Los familiares del  fallecido narcotraficante Rolando Flori\u00e1n Feliz, quien fuera abatido a  tiros, presentaron hoy una recusaci\u00f3n al fiscal de San Crist\u00f3bal por disponer el archivo definitivo del expediente que involucra a un oficial de la Polic\u00eda en el asesinato de su pariente, hecho ocurrido en la c\u00e1rcel de Najayo, el 17 de mayo del 2009.<\/span><\/p>\n<\/p>\n<p><span class=\"text1noticias\">Carmen Feliz viuda Flori\u00e1n y los hermanos Gabriel, Hotoniel, Mariela Eliaser, Raquel, Enmanuel, Miguelina, Ester, Mar\u00eda y Benjamin\u00edn Flori\u00e1n F\u00e9liz, entre otros parientes del occiso, presentaron la recusaci\u00f3n por ante la Procuradur\u00eda General de la Rep\u00fablica, por considerar que el fiscal de San Crist\u00f3bal, Faustino Pulinario, est\u00e1 parcializado.<\/span><\/p>\n<\/p>\n<p><span class=\"text1noticias\">En la instancia elaborada por los abogados de la familia de Flori\u00e1n Feliz, doctores Daniel Dif\u00f3 Rodr\u00edguez y Adolfo Serrano, piden al procurador general de la Rep\u00fablica, Radham\u00e9s Jim\u00e9nez Pe\u00f1a, designar a otro fiscal para que contin\u00fae con la investigaci\u00f3n del caso.<\/span><\/p>\n<\/p>\n<p><span class=\"text1noticias\">La acci\u00f3n de la Fiscal\u00eda de archivar el expediente provoc\u00f3 que la familia de Flori\u00e1n Feliz interpusiera la recusaci\u00f3n en contra de Pulinario, de quien aseguran es primo del coronel Jos\u00e9 Antonio Pulinario, a quien estaba cargada la pistola con la que mataron al recluso.<\/span><\/p>\n<\/p>\n<p><span class=\"text1noticias\">Expresan que existen elementos vinculantes que ponen de relieve y manifiesto la conducta delictiva con la que act\u00faa en forma deliberada y consistente Pulinario Rodr\u00edguez, en el hecho de sangre donde fue ultimado a balazos Flori\u00e1n Feliz en la c\u00e1rcel de Nayajo hombres.<\/span><\/p>\n<\/p>\n<p><span class=\"text1noticias\">Pulinario Rodr\u00edguez est\u00e1 acusado, conjuntamente con el capit\u00e1n de la Polic\u00eda Lino de Oca Jim\u00e9nez, de la muerte de Flori\u00e1n Feliz, quien purgaba una pena de 20 a\u00f1os de prisi\u00f3n en  la referida c\u00e1rcel, en virtud de un c\u00f3mputo de varias penas que le hizo el juez de Ejecuci\u00f3n de la Pena de San Crist\u00f3bal.<\/span><\/p>\n<\/p>\n<p><span class=\"text1noticias\">En la instancia piden al Procurador que el caso sea remitido a uno de los fiscales adjuntos del Distrito Nacional, que laboran en el Palacio de Justicia de Ciudad Nueva, para una sana administraci\u00f3n de justicia.<\/span><\/p>\n<\/p>\n<h6> 2010-11-11 22:22:39 <\/h6>\n<p><!--\n<link rel=\"stylesheet\" href=\"css\/bootstrap.min.css\">\n\n\n<ul class=\"pagination\">\n\t    \n\t\n\n<li >\n\t<a href='?page_no=30617'>Previous<\/a>\n\t<\/li>\n\n\n       \n    \n\n<li><a href='?page_no=1'>1<\/a><\/li>\n\n\n\n<li><a href='?page_no=2'>2<\/a><\/li>\n\n\n\n<li><a>...<\/a><\/li>\n\n\n\n<li><a href='?page_no=30616'>30616<\/a><\/li>\n\n\n\n<li><a href='?page_no=30617'>30617<\/a><\/li>\n\n\n\n<li class='active'><a>30618<\/a><\/li>\n\n\n\n<li><a href='?page_no=30619'>30619<\/a><\/li>\n\n\n\n<li><a href='?page_no=30620'>30620<\/a><\/li>\n\n\n\n<li><a>...<\/a><\/li>\n\n\n\n<li><a href='?page_no=31963'>31963<\/a><\/li>\n\n\n\n<li><a href='?page_no=31964'>31964<\/a><\/li>\n\n    \n\t\n\n<li >\n\t<a href='?page_no=30619'>Next<\/a>\n\t<\/li>\n\n\n    \n\n<li><a href='?page_no=31964'>Last &rsaquo;&rsaquo;<\/a><\/li>\n\n<\/ul>\n\n\n--><br \/>\n<\/body><\/p>\n","protected":false},"excerpt":{"rendered":"<p>Piden Que El Expediente Sea Remitido A Uno De Los Fiscales Adjuntos Del Dn Santo Domingo.-Los familiares del fallecido narcotraficante Rolando Flori\u00e1n Feliz, quien fuera abatido a tiros, presentaron hoy una recusaci\u00f3n al fiscal de San Crist\u00f3bal por disponer el archivo definitivo del expediente que involucra a un oficial de la Polic\u00eda en el asesinato [&hellip;]<\/p>\n","protected":false},"author":3,"featured_media":0,"comment_status":"open","ping_status":"open","sticky":false,"template":"","format":"standard","meta":{"footnotes":""},"categories":[24],"tags":[],"class_list":["post-155450","post","type-post","status-publish","format-standard","hentry","category-justicia-y-derecho"],"_links":{"self":[{"href":"https:\/\/diariodominicano.com\/index.php?rest_route=\/wp\/v2\/posts\/155450","targetHints":{"allow":["GET"]}}],"collection":[{"href":"https:\/\/diariodominicano.com\/index.php?rest_route=\/wp\/v2\/posts"}],"about":[{"href":"https:\/\/diariodominicano.com\/index.php?rest_route=\/wp\/v2\/types\/post"}],"author":[{"embeddable":true,"href":"https:\/\/diariodominicano.com\/index.php?rest_route=\/wp\/v2\/users\/3"}],"replies":[{"embeddable":true,"href":"https:\/\/diariodominicano.com\/index.php?rest_route=%2Fwp%2Fv2%2Fcomments&post=155450"}],"version-history":[{"count":0,"href":"https:\/\/diariodominicano.com\/index.php?rest_route=\/wp\/v2\/posts\/155450\/revisions"}],"wp:attachment":[{"href":"https:\/\/diariodominicano.com\/index.php?rest_route=%2Fwp%2Fv2%2Fmedia&parent=155450"}],"wp:term":[{"taxonomy":"category","embeddable":true,"href":"https:\/\/diariodominicano.com\/index.php?rest_route=%2Fwp%2Fv2%2Fcategories&post=155450"},{"taxonomy":"post_tag","embeddable":true,"href":"https:\/\/diariodominicano.com\/index.php?rest_route=%2Fwp%2Fv2%2Ftags&post=155450"}],"curies":[{"name":"wp","href":"https:\/\/api.w.org\/{rel}","templated":true}]}}