{"id":155449,"date":"2010-11-11T22:29:58","date_gmt":"2010-11-11T22:29:58","guid":{"rendered":"http:\/\/diariodominicano.ddns.net\/?p=155449"},"modified":"2010-11-11T22:29:58","modified_gmt":"2010-11-11T22:29:58","slug":"presidente-fernandez-inaugura-tres-acueductos-en-samana","status":"publish","type":"post","link":"https:\/\/diariodominicano.com\/?p=155449","title":{"rendered":"Presidente Fern\u00e1ndez inaugura tres acueductos en Saman\u00e1"},"content":{"rendered":"<p><body><\/p>\n<p><img decoding=\"async\" src=\"http:\/\/localhost:8080\/justiciayderecho\/img3\/acueducto samana.jpg\" \/>  <\/p>\n<\/p>\n<\/p>\n<p><span class=\"text1noticias\">LA PALMILLA, Saman\u00e1.- El presidente Leonel Fern\u00e1ndez inaugur\u00f3 este jueves el acueducto m\u00faltiple de esta provincia, el de Los Algarrobo y la rehabilitaci\u00f3n del dep\u00f3sito regulador del Catey, construidos por el Instituto de Aguas Potables y Alcantarillado (INAPA), a un costo de 5 mil 799 millones, 598 mil 709 pesos.<\/span><\/p>\n<\/p>\n<p><span class=\"text1noticias\"> El mandatario, en compa\u00f1\u00eda del director del  INAPA, Marino Germ\u00e1n, abri\u00f3 el hidrante para dejar inaugurados los tres acueductos que beneficiar\u00e1n a 187 mil 725 habitantes de esta comunidad.<\/span><\/p>\n<\/p>\n<p><span class=\"text1noticias\"> El gobernante tambi\u00e9n devel\u00f3 una tarja del moderno acueducto m\u00faltiple de Saman\u00e1, el cual era demandado durante mucho tiempo por los residentes en esta zona.<\/span><\/p>\n<\/p>\n<p><span class=\"text1noticias\"> Con estas obras se eleva a 24 el n\u00famero de sistemas de agua potable que entrega el gobierno durante este a\u00f1o y el 149 desde el 2004 hasta la fecha en todo el territorio nacional.<\/span><\/p>\n<\/p>\n<p><span class=\"text1noticias\"> El discurso central de la actividad estuvo a cargo del director del INAPA, quien ofreci\u00f3 los detalles de la obra y asegur\u00f3 que la calidad del agua est\u00e1 garantizada. ?Es de primera calidad?, dijo Germ\u00e1n.<\/span><\/p>\n<\/p>\n<p><span class=\"text1noticias\"> El ingeniero Germ\u00e1n anunci\u00f3 que en febrero pr\u00f3ximo ser\u00e1 inaugurado el acueducto de Las Terrenas.<\/span><\/p>\n<p><span class=\"text1noticias\"> Afirm\u00f3 que el jefe del Estado cumpli\u00f3 su palabra con el pueblo de Saman\u00e1 al terminar el acueducto de esta provincia, en virtud de que el 10 de mayo del 2009 dispuso la conclusi\u00f3n del proyecto que hoy fue entregado.<\/span><\/p>\n<\/p>\n<p><span class=\"text1noticias\"> Asimismo, agradeci\u00f3 al doctor Fern\u00e1ndez el apoyo brindado a la instituci\u00f3n que dirige y al equipo que labora en esa entidad, y prometi\u00f3 que no lo defraudar\u00e1.<\/span><\/p>\n<\/p>\n<p><span class=\"text1noticias\"> Durante el acto inaugural, el mandatario y el director del INAPA entregaron una placa de reconocimiento a Mario Emilio Almonte, hijo del fenecido ingeniero Emilio Almonte, con cuyo nombre fue bautizado el edificio administrativo del acueducto m\u00faltiple de Saman\u00e1. El destacado ingeniero Almonte fue uno de los pioneros de la ingenier\u00eda hidr\u00e1ulica y sanitaria del pa\u00eds.<\/span><\/p>\n<\/p>\n<p><span class=\"text1noticias\"> Germ\u00e1n explic\u00f3 que el sistema de agua de Saman\u00e1, el cual incluye una presa sobre el r\u00edo San Juan, opera mediante bombeo y gravedad para un servicio adecuado de agua potable en cantidad y calidad.<\/span><\/p>\n<p><span class=\"text1noticias\"> Detall\u00f3 que la presa fue construida en hormig\u00f3n armado con dos obras de tomas laterales a diferentes niveles sobre el r\u00edo San Juan, fuente principal de abastecimiento del acueducto.<\/span><\/p>\n<\/p>\n<p><span class=\"text1noticias\"> El acueducto tiene una planta de tratamiento con capacidad de 600 litros por segundo, siete dep\u00f3sitos reguladores superficiales con una dimensi\u00f3n de 3 millones 300 mil galones de agua y con una l\u00ednea de conducci\u00f3n de 28, 24, 20, 16, 12 y 10 pulgadas con una longitud de 34.9 kil\u00f3metros.<\/span><\/p>\n<\/p>\n<p><span class=\"text1noticias\">Sus redes de distribuci\u00f3n recorren 132 kil\u00f3metros y cuentan con 16 mil 28 nuevas acometidas.<\/span><\/p>\n<p><span class=\"text1noticias\"> En tanto que el acueducto de Los Algarrobos fue construido a un costo de 8 millones 70 mil 932 pesos con 68 centavos y favorecer\u00e1 a 538 personas del lugar.<\/span><\/p>\n<\/p>\n<p><span class=\"text1noticias\"> Mientras que la rehabilitaci\u00f3n del dep\u00f3sito regulador del acueducto de El Catey su inversi\u00f3n fue de un mill\u00f3n 27 mil 776 pesos con 96 centavos.<\/span><\/p>\n<\/p>\n<p><span class=\"text1noticias\"> Las obras inauguradas de manera conjunta en un acto realizado en la planta de tratamiento del acueducto de Saman\u00e1, en la comunidad de La Palmilla, fueron bendecidas por el cura p\u00e1rroco Benito Ferreiras de la iglesia Santa B\u00e1rbara.<\/span><\/p>\n<\/p>\n<p><span class=\"text1noticias\"> En la actividad tambi\u00e9n hablaron el gobernador provincial, Fausto Forchu\u00e9, quien dijo que el presidente Fern\u00e1ndez ha sido el mandatario que m\u00e1s ha invertido en sistema sanitario en esta provincia y el pa\u00eds.<\/span><\/p>\n<\/p>\n<p><span class=\"text1noticias\"> Pidi\u00f3 al gobernante que se cree mediante decreto la Corporaci\u00f3n de Acueducto de Saman\u00e1 y destac\u00f3 los trabajos que realiza el gobierno en esta zona.<\/span><\/p>\n<\/p>\n<p><span class=\"text1noticias\"> Tambi\u00e9n habl\u00f3 el senador de la provincia, Prim Pujals Nolasco, y a nombre de las comunidades beneficiadas dio las gracias el dirigente comunitario, Roberto Guzm\u00e1n.<\/span><\/p>\n<\/p>\n<p><span class=\"text1noticias\">Al final del acto, la ni\u00f1a Perla Forchu\u00e9, entreg\u00f3 un ramo de flores al mandatario, quien luego realiz\u00f3 un recorrido por las instalaciones de la planta de tratamiento del acueducto de Saman\u00e1.<\/span><\/p>\n<\/p>\n<p><span class=\"text1noticias\"> Estuvieron presentes, la ministra de la Mujer, Alejandrina Germ\u00e1n, la directora de la Unidad de Electrificaci\u00f3n Rural y Urbana, Thelma Eusebio, el alcalde de Saman\u00e1, Nad\u00edn Miguel Bezi y los representantes de la compa\u00f1\u00eda constructora de la obra, Odebrecht, Marcos Cruz y Rodrigo Melo, entre otros. <\/span><\/p>\n<\/p>\n<h6> 2010-11-11 22:29:58 <\/h6>\n<p><!--\n<link rel=\"stylesheet\" href=\"css\/bootstrap.min.css\">\n\n\n<ul class=\"pagination\">\n\t    \n\t\n\n<li >\n\t<a href='?page_no=30616'>Previous<\/a>\n\t<\/li>\n\n\n       \n    \n\n<li><a href='?page_no=1'>1<\/a><\/li>\n\n\n\n<li><a href='?page_no=2'>2<\/a><\/li>\n\n\n\n<li><a>...<\/a><\/li>\n\n\n\n<li><a href='?page_no=30615'>30615<\/a><\/li>\n\n\n\n<li><a href='?page_no=30616'>30616<\/a><\/li>\n\n\n\n<li class='active'><a>30617<\/a><\/li>\n\n\n\n<li><a href='?page_no=30618'>30618<\/a><\/li>\n\n\n\n<li><a href='?page_no=30619'>30619<\/a><\/li>\n\n\n\n<li><a>...<\/a><\/li>\n\n\n\n<li><a href='?page_no=31963'>31963<\/a><\/li>\n\n\n\n<li><a href='?page_no=31964'>31964<\/a><\/li>\n\n    \n\t\n\n<li >\n\t<a href='?page_no=30618'>Next<\/a>\n\t<\/li>\n\n\n    \n\n<li><a href='?page_no=31964'>Last &rsaquo;&rsaquo;<\/a><\/li>\n\n<\/ul>\n\n\n--><br \/>\n<\/body><\/p>\n","protected":false},"excerpt":{"rendered":"<p>LA PALMILLA, Saman\u00e1.- El presidente Leonel Fern\u00e1ndez inaugur\u00f3 este jueves el acueducto m\u00faltiple de esta provincia, el de Los Algarrobo y la rehabilitaci\u00f3n del dep\u00f3sito regulador del Catey, construidos por el Instituto de Aguas Potables y Alcantarillado (INAPA), a un costo de 5 mil 799 millones, 598 mil 709 pesos. El mandatario, en compa\u00f1\u00eda del [&hellip;]<\/p>\n","protected":false},"author":3,"featured_media":0,"comment_status":"open","ping_status":"open","sticky":false,"template":"","format":"standard","meta":{"footnotes":""},"categories":[24],"tags":[],"class_list":["post-155449","post","type-post","status-publish","format-standard","hentry","category-justicia-y-derecho"],"_links":{"self":[{"href":"https:\/\/diariodominicano.com\/index.php?rest_route=\/wp\/v2\/posts\/155449","targetHints":{"allow":["GET"]}}],"collection":[{"href":"https:\/\/diariodominicano.com\/index.php?rest_route=\/wp\/v2\/posts"}],"about":[{"href":"https:\/\/diariodominicano.com\/index.php?rest_route=\/wp\/v2\/types\/post"}],"author":[{"embeddable":true,"href":"https:\/\/diariodominicano.com\/index.php?rest_route=\/wp\/v2\/users\/3"}],"replies":[{"embeddable":true,"href":"https:\/\/diariodominicano.com\/index.php?rest_route=%2Fwp%2Fv2%2Fcomments&post=155449"}],"version-history":[{"count":0,"href":"https:\/\/diariodominicano.com\/index.php?rest_route=\/wp\/v2\/posts\/155449\/revisions"}],"wp:attachment":[{"href":"https:\/\/diariodominicano.com\/index.php?rest_route=%2Fwp%2Fv2%2Fmedia&parent=155449"}],"wp:term":[{"taxonomy":"category","embeddable":true,"href":"https:\/\/diariodominicano.com\/index.php?rest_route=%2Fwp%2Fv2%2Fcategories&post=155449"},{"taxonomy":"post_tag","embeddable":true,"href":"https:\/\/diariodominicano.com\/index.php?rest_route=%2Fwp%2Fv2%2Ftags&post=155449"}],"curies":[{"name":"wp","href":"https:\/\/api.w.org\/{rel}","templated":true}]}}