{"id":155448,"date":"2010-11-11T22:31:29","date_gmt":"2010-11-11T22:31:29","guid":{"rendered":"http:\/\/diariodominicano.ddns.net\/?p=155448"},"modified":"2010-11-11T22:31:29","modified_gmt":"2010-11-11T22:31:29","slug":"envian-al-poder-ejecutivo-solicitud-cancelacion-de-mayor-apresado-con-400-kilos-de-cocaina","status":"publish","type":"post","link":"https:\/\/diariodominicano.com\/?p=155448","title":{"rendered":"Env\u00edan al Poder Ejecutivo solicitud cancelaci\u00f3n de mayor apresado con 400 kilos de coca\u00edna&#13;"},"content":{"rendered":"<p><body><\/p>\n<p><img decoding=\"async\" src=\"http:\/\/localhost:8080\/justiciayderecho\/img3\/MAYOOR.jpg\" \/>  <\/p>\n<p><strong><span class=\"text1noticias\">EL AGENTE FUE APRESADO AYER JUNTO A OTRAS CINCO PERSONAS<\/span><\/strong><\/p>\n<p><strong><span class=\"text1noticias\">Santo Domingo.-<\/span><\/strong><span class=\"text1noticias\">La Jefatura de la Polic\u00eda remiti\u00f3 ante el Poder Ejecutivo la solicitud de cancelaci\u00f3n del mayor de esa instituci\u00f3n apresado ayer en el kil\u00f3metro 25 de la Autopista Duarte, mientras transportaba un cargamento de coca\u00edna junto a otras cinco personas.<\/span><\/p>\n<\/p>\n<p><span class=\"text1noticias\">El jefe de la Polic\u00eda, mayor general Jos\u00e9 Armando Polanco G\u00f3mez, conden\u00f3 el accionar de Miguel Rodr\u00edguez, quien dijo manch\u00f3 el uniforme de la instituci\u00f3n del orden.<\/span><\/p>\n<\/p>\n<p><span class=\"text1noticias\">Sostuvo que la Jefatura de la Polic\u00eda rechaza las inconductas y violaciones a las leyes penales, por lo que espera una condena ejemplar contra Rodr\u00edguez, por haber traicionado la Patria y a todos sus compa\u00f1eros de instituci\u00f3n.<\/span><\/p>\n<\/p>\n<p><span class=\"text1noticias\">Junto a Rodr\u00edguez fueron apresados los colombianos Jorge Lu\u00eds Garc\u00eda Salazar y Andr\u00e9s Mart\u00ednez Villegas, y los dominicanos An\u00edbal Castillo (Elvis), Antonio Zapata Ram\u00edrez y Pablo Roberto Polanco.<\/span><\/p>\n<\/p>\n<p><span class=\"text1noticias\">El grupo fue apresado durante una acci\u00f3n operativa realizada por agentes de la Divisi\u00f3n T\u00e1ctica de Investigaciones Sensitivas (DITIS) y de la Unidad T\u00e1ctica de Reacci\u00f3n R\u00e1pida, de la DNCD, a la altura del kil\u00f3metro 25 de la Autopista Duarte, pr\u00f3ximo a Pedro Brand.<\/span><\/p>\n<\/p>\n<p><span class=\"text1noticias\">El hecho se produjo ayer en el kil\u00f3metro 25 de la autopista Duarte cuando la droga era transportada a bordo de las yipetas Toyota Sequoia, color negra, placa G177282, la cual era conducida por el mayor Miguel Rodr\u00edguez; otra marca Lexus GGX470, color blanca, placa G207463, conducida por Castillo, quien iba acompa\u00f1ado por los colombianos<\/span>.<\/p>\n<\/p>\n<h6> 2010-11-11 22:31:29 <\/h6>\n<p><!--\n<link rel=\"stylesheet\" href=\"css\/bootstrap.min.css\">\n\n\n<ul class=\"pagination\">\n\t    \n\t\n\n<li >\n\t<a href='?page_no=30615'>Previous<\/a>\n\t<\/li>\n\n\n       \n    \n\n<li><a href='?page_no=1'>1<\/a><\/li>\n\n\n\n<li><a href='?page_no=2'>2<\/a><\/li>\n\n\n\n<li><a>...<\/a><\/li>\n\n\n\n<li><a href='?page_no=30614'>30614<\/a><\/li>\n\n\n\n<li><a href='?page_no=30615'>30615<\/a><\/li>\n\n\n\n<li class='active'><a>30616<\/a><\/li>\n\n\n\n<li><a href='?page_no=30617'>30617<\/a><\/li>\n\n\n\n<li><a href='?page_no=30618'>30618<\/a><\/li>\n\n\n\n<li><a>...<\/a><\/li>\n\n\n\n<li><a href='?page_no=31963'>31963<\/a><\/li>\n\n\n\n<li><a href='?page_no=31964'>31964<\/a><\/li>\n\n    \n\t\n\n<li >\n\t<a href='?page_no=30617'>Next<\/a>\n\t<\/li>\n\n\n    \n\n<li><a href='?page_no=31964'>Last &rsaquo;&rsaquo;<\/a><\/li>\n\n<\/ul>\n\n\n--><br \/>\n<\/body><\/p>\n","protected":false},"excerpt":{"rendered":"<p>EL AGENTE FUE APRESADO AYER JUNTO A OTRAS CINCO PERSONAS Santo Domingo.-La Jefatura de la Polic\u00eda remiti\u00f3 ante el Poder Ejecutivo la solicitud de cancelaci\u00f3n del mayor de esa instituci\u00f3n apresado ayer en el kil\u00f3metro 25 de la Autopista Duarte, mientras transportaba un cargamento de coca\u00edna junto a otras cinco personas. El jefe de la [&hellip;]<\/p>\n","protected":false},"author":3,"featured_media":0,"comment_status":"open","ping_status":"open","sticky":false,"template":"","format":"standard","meta":{"footnotes":""},"categories":[24],"tags":[],"class_list":["post-155448","post","type-post","status-publish","format-standard","hentry","category-justicia-y-derecho"],"_links":{"self":[{"href":"https:\/\/diariodominicano.com\/index.php?rest_route=\/wp\/v2\/posts\/155448","targetHints":{"allow":["GET"]}}],"collection":[{"href":"https:\/\/diariodominicano.com\/index.php?rest_route=\/wp\/v2\/posts"}],"about":[{"href":"https:\/\/diariodominicano.com\/index.php?rest_route=\/wp\/v2\/types\/post"}],"author":[{"embeddable":true,"href":"https:\/\/diariodominicano.com\/index.php?rest_route=\/wp\/v2\/users\/3"}],"replies":[{"embeddable":true,"href":"https:\/\/diariodominicano.com\/index.php?rest_route=%2Fwp%2Fv2%2Fcomments&post=155448"}],"version-history":[{"count":0,"href":"https:\/\/diariodominicano.com\/index.php?rest_route=\/wp\/v2\/posts\/155448\/revisions"}],"wp:attachment":[{"href":"https:\/\/diariodominicano.com\/index.php?rest_route=%2Fwp%2Fv2%2Fmedia&parent=155448"}],"wp:term":[{"taxonomy":"category","embeddable":true,"href":"https:\/\/diariodominicano.com\/index.php?rest_route=%2Fwp%2Fv2%2Fcategories&post=155448"},{"taxonomy":"post_tag","embeddable":true,"href":"https:\/\/diariodominicano.com\/index.php?rest_route=%2Fwp%2Fv2%2Ftags&post=155448"}],"curies":[{"name":"wp","href":"https:\/\/api.w.org\/{rel}","templated":true}]}}