{"id":155446,"date":"2010-11-12T20:17:56","date_gmt":"2010-11-12T20:17:56","guid":{"rendered":"http:\/\/diariodominicano.ddns.net\/?p=155446"},"modified":"2010-11-12T20:17:56","modified_gmt":"2010-11-12T20:17:56","slug":"permanece-estable-vicepresidente-de-brasil-tras-sufrir-infarto","status":"publish","type":"post","link":"https:\/\/diariodominicano.com\/?p=155446","title":{"rendered":"Permanece estable vicepresidente de Brasil tras sufrir infarto&#13; &#13; &#13;"},"content":{"rendered":"<p><body><\/p>\n<p><strong><span class=\"text1noticias\"> <\/span><\/strong><\/p>\n<p><strong><span class=\"text1noticias\">BRASILIA, 12 nov (Xinhua) &#8212;<\/span><\/strong><span class=\"text1noticias\"> El estado de salud del vicepresidente de Brasil, Jos\u00e9 Alencar, quien se encuentra internado en la Unidad de Terapia Intensiva (UTI) del Hospital Sirio Liban\u00e9s de Sao Paulo tras sufrir un infarto agudo de miocardio en la tarde del jueves, \u00abse encuentra estable desde el punto de vista card\u00edaco\u00bb. <\/span><\/p>\n<\/p>\n<p><span class=\"text1noticias\">   Alencar fue sometido a un cateterismo, y seg\u00fan el \u00faltimo parte m\u00e9dico divulgado a las 22 hs del jueves, no present\u00f3 obstrucciones arteriales importantes. <\/span><\/p>\n<\/p>\n<p><span class=\"text1noticias\">   Sus asesores informaron en la ma\u00f1ana del viernes que el funcionario se despert\u00f3 de buen humor y pidi\u00f3 los diarios del d\u00eda para leer. <\/span><\/p>\n<\/p>\n<p><span class=\"text1noticias\">   Alencar fue internado el 25 de octubre, cuando present\u00f3 una infecci\u00f3n en la pared del intestino y reinici\u00f3 un tratamiento de quimioterapia. <\/span><\/p>\n<\/p>\n<p><span class=\"text1noticias\">   El vicepresidente viene luchando desde 1997 contra un c\u00e1ncer en la regi\u00f3n abdominal y ya pas\u00f3 por m\u00e1s de 15 cirug\u00edas.<\/span><\/p>\n<h6> 2010-11-12 20:17:56 <\/h6>\n<p><!--\n<link rel=\"stylesheet\" href=\"css\/bootstrap.min.css\">\n\n\n<ul class=\"pagination\">\n\t    \n\t\n\n<li >\n\t<a href='?page_no=30613'>Previous<\/a>\n\t<\/li>\n\n\n       \n    \n\n<li><a href='?page_no=1'>1<\/a><\/li>\n\n\n\n<li><a href='?page_no=2'>2<\/a><\/li>\n\n\n\n<li><a>...<\/a><\/li>\n\n\n\n<li><a href='?page_no=30612'>30612<\/a><\/li>\n\n\n\n<li><a href='?page_no=30613'>30613<\/a><\/li>\n\n\n\n<li class='active'><a>30614<\/a><\/li>\n\n\n\n<li><a href='?page_no=30615'>30615<\/a><\/li>\n\n\n\n<li><a href='?page_no=30616'>30616<\/a><\/li>\n\n\n\n<li><a>...<\/a><\/li>\n\n\n\n<li><a href='?page_no=31963'>31963<\/a><\/li>\n\n\n\n<li><a href='?page_no=31964'>31964<\/a><\/li>\n\n    \n\t\n\n<li >\n\t<a href='?page_no=30615'>Next<\/a>\n\t<\/li>\n\n\n    \n\n<li><a href='?page_no=31964'>Last &rsaquo;&rsaquo;<\/a><\/li>\n\n<\/ul>\n\n\n--><br \/>\n<\/body><\/p>\n","protected":false},"excerpt":{"rendered":"<p>BRASILIA, 12 nov (Xinhua) &#8212; El estado de salud del vicepresidente de Brasil, Jos\u00e9 Alencar, quien se encuentra internado en la Unidad de Terapia Intensiva (UTI) del Hospital Sirio Liban\u00e9s de Sao Paulo tras sufrir un infarto agudo de miocardio en la tarde del jueves, \u00abse encuentra estable desde el punto de vista card\u00edaco\u00bb. Alencar [&hellip;]<\/p>\n","protected":false},"author":3,"featured_media":0,"comment_status":"open","ping_status":"open","sticky":false,"template":"","format":"standard","meta":{"footnotes":""},"categories":[24],"tags":[],"class_list":["post-155446","post","type-post","status-publish","format-standard","hentry","category-justicia-y-derecho"],"_links":{"self":[{"href":"https:\/\/diariodominicano.com\/index.php?rest_route=\/wp\/v2\/posts\/155446","targetHints":{"allow":["GET"]}}],"collection":[{"href":"https:\/\/diariodominicano.com\/index.php?rest_route=\/wp\/v2\/posts"}],"about":[{"href":"https:\/\/diariodominicano.com\/index.php?rest_route=\/wp\/v2\/types\/post"}],"author":[{"embeddable":true,"href":"https:\/\/diariodominicano.com\/index.php?rest_route=\/wp\/v2\/users\/3"}],"replies":[{"embeddable":true,"href":"https:\/\/diariodominicano.com\/index.php?rest_route=%2Fwp%2Fv2%2Fcomments&post=155446"}],"version-history":[{"count":0,"href":"https:\/\/diariodominicano.com\/index.php?rest_route=\/wp\/v2\/posts\/155446\/revisions"}],"wp:attachment":[{"href":"https:\/\/diariodominicano.com\/index.php?rest_route=%2Fwp%2Fv2%2Fmedia&parent=155446"}],"wp:term":[{"taxonomy":"category","embeddable":true,"href":"https:\/\/diariodominicano.com\/index.php?rest_route=%2Fwp%2Fv2%2Fcategories&post=155446"},{"taxonomy":"post_tag","embeddable":true,"href":"https:\/\/diariodominicano.com\/index.php?rest_route=%2Fwp%2Fv2%2Ftags&post=155446"}],"curies":[{"name":"wp","href":"https:\/\/api.w.org\/{rel}","templated":true}]}}