{"id":155445,"date":"2010-11-12T20:26:22","date_gmt":"2010-11-12T20:26:22","guid":{"rendered":"http:\/\/diariodominicano.ddns.net\/?p=155445"},"modified":"2010-11-12T20:26:22","modified_gmt":"2010-11-12T20:26:22","slug":"presidente-fernandez-solicita-apoyo-internacional-para-haiti","status":"publish","type":"post","link":"https:\/\/diariodominicano.com\/?p=155445","title":{"rendered":"Presidente Fern\u00e1ndez solicita apoyo internacional para Hait\u00ed&#13;&#13;"},"content":{"rendered":"<p><body><\/p>\n<p><img decoding=\"async\" src=\"http:\/\/localhost:8080\/justiciayderecho\/img3\/Presidente.JPG\" \/><br \/><img decoding=\"async\" src=\"http:\/\/localhost:8080\/justiciayderecho\/img3\/Ellos.JPG\" \/>  <\/p>\n<p><strong><span class=\"text1noticias\">CAP CANA, La Altagracia.-<\/span><\/strong><span class=\"text1noticias\"> El presidente Leonel Fern\u00e1ndez pidi\u00f3 a la comunidad internacional y a los asistentes al XI Foro Iberoamericano reivindicar a Hait\u00ed para que esa naci\u00f3n pueda superar su maltrecha situaci\u00f3n material y espiritual.<\/span><\/p>\n<\/p>\n<p><span class=\"text1noticias\">Las declaraciones del presidente Fern\u00e1ndez se produjeron al pronunciar un discurso en la cena que  ofreci\u00f3 a los delegados al evento que se celebra durante tres d\u00edas en el Hotel Golden Bear, en Cap Cana, provincia La Altagracia. <\/span><\/p>\n<\/p>\n<p><span class=\"text1noticias\">El mandatario dijo que Hait\u00ed ha sido afectada por un terremoto que en 30 segundo le llev\u00f3 m\u00e1s de 250 mil habitantes y que en igual tiempo tambi\u00e9n perdi\u00f3 su Producto Interno Bruto (PIB), adem\u00e1s de que es en la actualidad es afectado por el c\u00f3lera y fue fuertemente da\u00f1ado por el hurac\u00e1n Tom\u00e1s, fen\u00f3meno que recientemente azot\u00f3 la isla.<\/span><\/p>\n<\/p>\n<p><span class=\"text1noticias\">El presidente Fern\u00e1ndez manifest\u00f3 que todo cuanto acontece en la vecina naci\u00f3n repercute en el territorio dominicano.<\/span><\/p>\n<\/p>\n<p><span class=\"text1noticias\">En ese sentido, entiende que la comunidad internacional que se comprometi\u00f3 con recursos para Hait\u00ed debe ponerse a la altura de su compromiso.<\/span><\/p>\n<\/p>\n<p><span class=\"text1noticias\">Dijo que la ayuda a Hait\u00ed permitir\u00e1 modernizar ese pa\u00eds, llevarlo a la prosperidad y que sus autoridades puedan darles un sentido de dignidad a sus ciudadanos haitianos.<\/span><\/p>\n<\/p>\n<p><span class=\"text1noticias\">En otro orden, el mandatario consider\u00f3 que la celebraci\u00f3n del bicentenario por la independencia de Am\u00e9rica  debe retrotraerse al a\u00f1o 1804, fecha en que Hait\u00ed proclama su independencia y abole la esclavitud.<\/span><\/p>\n<\/p>\n<p><span class=\"text1noticias\">Manifest\u00f3 que siendo justo Hait\u00ed fue la primera naci\u00f3n negra del hemisferio que se independiz\u00f3 y aboli\u00f3 la esclavitud.<\/span><\/p>\n<h6> 2010-11-12 20:26:22 <\/h6>\n<p><!--\n<link rel=\"stylesheet\" href=\"css\/bootstrap.min.css\">\n\n\n<ul class=\"pagination\">\n\t    \n\t\n\n<li >\n\t<a href='?page_no=30612'>Previous<\/a>\n\t<\/li>\n\n\n       \n    \n\n<li><a href='?page_no=1'>1<\/a><\/li>\n\n\n\n<li><a href='?page_no=2'>2<\/a><\/li>\n\n\n\n<li><a>...<\/a><\/li>\n\n\n\n<li><a href='?page_no=30611'>30611<\/a><\/li>\n\n\n\n<li><a href='?page_no=30612'>30612<\/a><\/li>\n\n\n\n<li class='active'><a>30613<\/a><\/li>\n\n\n\n<li><a href='?page_no=30614'>30614<\/a><\/li>\n\n\n\n<li><a href='?page_no=30615'>30615<\/a><\/li>\n\n\n\n<li><a>...<\/a><\/li>\n\n\n\n<li><a href='?page_no=31963'>31963<\/a><\/li>\n\n\n\n<li><a href='?page_no=31964'>31964<\/a><\/li>\n\n    \n\t\n\n<li >\n\t<a href='?page_no=30614'>Next<\/a>\n\t<\/li>\n\n\n    \n\n<li><a href='?page_no=31964'>Last &rsaquo;&rsaquo;<\/a><\/li>\n\n<\/ul>\n\n\n--><br \/>\n<\/body><\/p>\n","protected":false},"excerpt":{"rendered":"<p>CAP CANA, La Altagracia.- El presidente Leonel Fern\u00e1ndez pidi\u00f3 a la comunidad internacional y a los asistentes al XI Foro Iberoamericano reivindicar a Hait\u00ed para que esa naci\u00f3n pueda superar su maltrecha situaci\u00f3n material y espiritual. Las declaraciones del presidente Fern\u00e1ndez se produjeron al pronunciar un discurso en la cena que ofreci\u00f3 a los delegados [&hellip;]<\/p>\n","protected":false},"author":3,"featured_media":0,"comment_status":"open","ping_status":"open","sticky":false,"template":"","format":"standard","meta":{"footnotes":""},"categories":[24],"tags":[],"class_list":["post-155445","post","type-post","status-publish","format-standard","hentry","category-justicia-y-derecho"],"_links":{"self":[{"href":"https:\/\/diariodominicano.com\/index.php?rest_route=\/wp\/v2\/posts\/155445","targetHints":{"allow":["GET"]}}],"collection":[{"href":"https:\/\/diariodominicano.com\/index.php?rest_route=\/wp\/v2\/posts"}],"about":[{"href":"https:\/\/diariodominicano.com\/index.php?rest_route=\/wp\/v2\/types\/post"}],"author":[{"embeddable":true,"href":"https:\/\/diariodominicano.com\/index.php?rest_route=\/wp\/v2\/users\/3"}],"replies":[{"embeddable":true,"href":"https:\/\/diariodominicano.com\/index.php?rest_route=%2Fwp%2Fv2%2Fcomments&post=155445"}],"version-history":[{"count":0,"href":"https:\/\/diariodominicano.com\/index.php?rest_route=\/wp\/v2\/posts\/155445\/revisions"}],"wp:attachment":[{"href":"https:\/\/diariodominicano.com\/index.php?rest_route=%2Fwp%2Fv2%2Fmedia&parent=155445"}],"wp:term":[{"taxonomy":"category","embeddable":true,"href":"https:\/\/diariodominicano.com\/index.php?rest_route=%2Fwp%2Fv2%2Fcategories&post=155445"},{"taxonomy":"post_tag","embeddable":true,"href":"https:\/\/diariodominicano.com\/index.php?rest_route=%2Fwp%2Fv2%2Ftags&post=155445"}],"curies":[{"name":"wp","href":"https:\/\/api.w.org\/{rel}","templated":true}]}}