{"id":155444,"date":"2010-11-12T20:29:58","date_gmt":"2010-11-12T20:29:58","guid":{"rendered":"http:\/\/diariodominicano.ddns.net\/?p=155444"},"modified":"2010-11-12T20:29:58","modified_gmt":"2010-11-12T20:29:58","slug":"hombre-mata-una-mujer-y-luego-se-suicida-2","status":"publish","type":"post","link":"https:\/\/diariodominicano.com\/?p=155444","title":{"rendered":"&#13;Hombre mata una mujer y luego se suicida.&#13;"},"content":{"rendered":"<p><body><\/p>\n<p><img decoding=\"async\" src=\"img3\/homicidio.jpg\" \/>  <\/p>\n<p> <strong><span class=\"text1noticias\">Polic\u00eda investiga circunstancias del hecho e identidad de mujer.<\/span><\/strong><\/p>\n<p><strong><span class=\"text1noticias\"> <\/span><\/strong><\/p>\n<p><strong><span class=\"text1noticias\">Santo Domingo 12 Nov<\/span><\/strong><span class=\"text1noticias\">.-Un hombre mat\u00f3 anoche a tiros a una mujer con la que alegadamente compart\u00eda dentro de su veh\u00edculo y luego se suicid\u00f3 con un disparo en la cabeza, durante un incidente ocurrido en la calle Primera del kil\u00f3metro 17 de la Autopista Duarte, pr\u00f3ximo a una estaci\u00f3n de combustible, inform\u00f3 la Polic\u00eda.<\/span><\/p>\n<p><span class=\"text1noticias\"> <\/span><\/p>\n<p><span class=\"text1noticias\">Dijo que Silvestre de Los Santos, de 37 a\u00f1os, mat\u00f3 de varios disparos a su acompa\u00f1ante, cuya identidad no se ha podido establecer y posteriormente se suicid\u00f3 por heridas del mismo tipo en la cabeza, por motivos desconocidos. El hecho ocurri\u00f3 a las 11:00 de la noche.<\/span><\/p>\n<p><span class=\"text1noticias\"> <\/span><\/p>\n<p><span class=\"text1noticias\">La Polic\u00eda dijo que el cuerpo de la mujer fue encontrado dentro del veh\u00edculo marca Oldsmobile Alero, negro, Placa A442355, mientras que el  del hombre estaba en el pavimento al lado del veh\u00edculo. Las autoridades desconocen por el momento si la pareja ten\u00edan alg\u00fan tipo de relaci\u00f3n sentimental.<\/span><\/p>\n<p><span class=\"text1noticias\"> <\/span><\/p>\n<p><span class=\"text1noticias\">La Polic\u00eda inform\u00f3 que De Los Santos utiliz\u00f3 la pistola marca Arcus n\u00famero  23GH400782 para matar a la joven y luego suicidarse.<\/span><\/p>\n<p><span class=\"text1noticias\"> <\/span><\/p>\n<p><span class=\"text1noticias\">El informe preliminar refiere que la occisa presentaba herida de bala en regi\u00f3n lateral izquierda y en regi\u00f3n dorsal derecho.<\/span><\/p>\n<h6> 2010-11-12 20:29:58 <\/h6>\n<p><!--\n<link rel=\"stylesheet\" href=\"css\/bootstrap.min.css\">\n\n\n<ul class=\"pagination\">\n\t    \n\t\n\n<li >\n\t<a href='?page_no=30611'>Previous<\/a>\n\t<\/li>\n\n\n       \n    \n\n<li><a href='?page_no=1'>1<\/a><\/li>\n\n\n\n<li><a href='?page_no=2'>2<\/a><\/li>\n\n\n\n<li><a>...<\/a><\/li>\n\n\n\n<li><a href='?page_no=30610'>30610<\/a><\/li>\n\n\n\n<li><a href='?page_no=30611'>30611<\/a><\/li>\n\n\n\n<li class='active'><a>30612<\/a><\/li>\n\n\n\n<li><a href='?page_no=30613'>30613<\/a><\/li>\n\n\n\n<li><a href='?page_no=30614'>30614<\/a><\/li>\n\n\n\n<li><a>...<\/a><\/li>\n\n\n\n<li><a href='?page_no=31963'>31963<\/a><\/li>\n\n\n\n<li><a href='?page_no=31964'>31964<\/a><\/li>\n\n    \n\t\n\n<li >\n\t<a href='?page_no=30613'>Next<\/a>\n\t<\/li>\n\n\n    \n\n<li><a href='?page_no=31964'>Last &rsaquo;&rsaquo;<\/a><\/li>\n\n<\/ul>\n\n\n--><br \/>\n<\/body><\/p>\n","protected":false},"excerpt":{"rendered":"<p>Polic\u00eda investiga circunstancias del hecho e identidad de mujer. Santo Domingo 12 Nov.-Un hombre mat\u00f3 anoche a tiros a una mujer con la que alegadamente compart\u00eda dentro de su veh\u00edculo y luego se suicid\u00f3 con un disparo en la cabeza, durante un incidente ocurrido en la calle Primera del kil\u00f3metro 17 de la Autopista Duarte, [&hellip;]<\/p>\n","protected":false},"author":3,"featured_media":0,"comment_status":"open","ping_status":"open","sticky":false,"template":"","format":"standard","meta":{"footnotes":""},"categories":[24],"tags":[],"class_list":["post-155444","post","type-post","status-publish","format-standard","hentry","category-justicia-y-derecho"],"_links":{"self":[{"href":"https:\/\/diariodominicano.com\/index.php?rest_route=\/wp\/v2\/posts\/155444","targetHints":{"allow":["GET"]}}],"collection":[{"href":"https:\/\/diariodominicano.com\/index.php?rest_route=\/wp\/v2\/posts"}],"about":[{"href":"https:\/\/diariodominicano.com\/index.php?rest_route=\/wp\/v2\/types\/post"}],"author":[{"embeddable":true,"href":"https:\/\/diariodominicano.com\/index.php?rest_route=\/wp\/v2\/users\/3"}],"replies":[{"embeddable":true,"href":"https:\/\/diariodominicano.com\/index.php?rest_route=%2Fwp%2Fv2%2Fcomments&post=155444"}],"version-history":[{"count":0,"href":"https:\/\/diariodominicano.com\/index.php?rest_route=\/wp\/v2\/posts\/155444\/revisions"}],"wp:attachment":[{"href":"https:\/\/diariodominicano.com\/index.php?rest_route=%2Fwp%2Fv2%2Fmedia&parent=155444"}],"wp:term":[{"taxonomy":"category","embeddable":true,"href":"https:\/\/diariodominicano.com\/index.php?rest_route=%2Fwp%2Fv2%2Fcategories&post=155444"},{"taxonomy":"post_tag","embeddable":true,"href":"https:\/\/diariodominicano.com\/index.php?rest_route=%2Fwp%2Fv2%2Ftags&post=155444"}],"curies":[{"name":"wp","href":"https:\/\/api.w.org\/{rel}","templated":true}]}}