{"id":155443,"date":"2010-11-12T20:41:19","date_gmt":"2010-11-12T20:41:19","guid":{"rendered":"http:\/\/diariodominicano.ddns.net\/?p=155443"},"modified":"2010-11-12T20:41:19","modified_gmt":"2010-11-12T20:41:19","slug":"gobierno-de-estados-unidos-dona-a-la-republica-dominicana-180-millones-de-pesos-para-alimentacion","status":"publish","type":"post","link":"https:\/\/diariodominicano.com\/?p=155443","title":{"rendered":"Gobierno de Estados Unidos dona a la Republica Dominicana 180 millones de pesos para alimentaci\u00f3n."},"content":{"rendered":"<p><body><\/p>\n<p><img decoding=\"async\" src=\"http:\/\/localhost:8080\/justiciayderecho\/img3\/Gov.jpg\" \/>  <\/p>\n<p><strong><span class=\"text1noticias\"> <\/span><\/strong><\/p>\n<p><strong><span class=\"text1noticias\">Por. Roberto Rodr\u00edguez.<\/span><\/strong><\/p>\n<p><strong><span class=\"text1noticias\"> <\/span><\/strong><\/p>\n<p><strong><span class=\"text1noticias\">12 de Noviembre 2010.-<\/span><\/strong><span class=\"text1noticias\">El gobierno de Estados Unidos don\u00f3 a la Rep\u00fablica Dominicana  180 millones de pesos para fortalecer la capacidad de exportaci\u00f3n de productos agropecuarios de Rep\u00fablica Dominicana.<\/span><\/p>\n<\/p>\n<p><span class=\"text1noticias\">De acuerdo a lo explicado  por el encargado de negocio de la embajada norteamericana en  el pa\u00eds Christopher Lambert  programa tiene como prop\u00f3sito fundamental apoyar los esfuerzos del Gobierno y de otras instancias del pa\u00eds para adecuarse a los requerimientos y est\u00e1ndares de los mercados internacionales.<\/span><\/p>\n<\/p>\n<p><span class=\"text1noticias\">Adem\u00e1s de acuerdo a  lo explicado por el funcionario se va a elevar  los niveles de competitividad de las exportaciones agropecuarias a fin de poder insertarse en una econom\u00eda global como la actual.<\/span><\/p>\n<\/p>\n<p><span class=\"text1noticias\">Christopher Lambert dijo  que a este fondo pueden acceder instituciones oficiales, organizaciones sin fines de lucro, organizaciones no gubernamentales y empresas exportadoras y productoras del sector privado.<\/span><\/p>\n<\/p>\n<p><span class=\"text1noticias\">La firma de este acuerdo, seg\u00fan el funcionario norteamericano, es una muestra de la relaci\u00f3n de cooperaci\u00f3n entre ambas naciones y es el \u00faltimo de varios firmados para el progreso de los alimentos.<\/span><\/p>\n<\/p>\n<p><span class=\"text1noticias\">En el encuentro tambi\u00e9n estuvo la agregada agr\u00edcola norteamericana, Margaret Bauer, quien dijo que su pa\u00eds tiene en ejecuci\u00f3n otros dos programas, uno en Monte Plata, donde se han formado cooperativas agropecuarias para el desarrollo de la comunidad, y en otras zonas del pa\u00eds donde se han implementado proyectos de electrificaci\u00f3n rural, como es la galera de Saman\u00e1.<\/span><\/p>\n<\/p>\n<p><span class=\"text1noticias\">.En la  firma de este acuerdo, estuvieron presente los Ministros de Estado Juan Temistocles Montas de Econom\u00eda, Planificaci\u00f3n y Desarrollo y Salvador Jim\u00e9nez, Ministro de Agricultura.<\/span><\/p>\n<h6> 2010-11-12 20:41:19 <\/h6>\n<p><!--\n<link rel=\"stylesheet\" href=\"css\/bootstrap.min.css\">\n\n\n<ul class=\"pagination\">\n\t    \n\t\n\n<li >\n\t<a href='?page_no=30610'>Previous<\/a>\n\t<\/li>\n\n\n       \n    \n\n<li><a href='?page_no=1'>1<\/a><\/li>\n\n\n\n<li><a href='?page_no=2'>2<\/a><\/li>\n\n\n\n<li><a>...<\/a><\/li>\n\n\n\n<li><a href='?page_no=30609'>30609<\/a><\/li>\n\n\n\n<li><a href='?page_no=30610'>30610<\/a><\/li>\n\n\n\n<li class='active'><a>30611<\/a><\/li>\n\n\n\n<li><a href='?page_no=30612'>30612<\/a><\/li>\n\n\n\n<li><a href='?page_no=30613'>30613<\/a><\/li>\n\n\n\n<li><a>...<\/a><\/li>\n\n\n\n<li><a href='?page_no=31963'>31963<\/a><\/li>\n\n\n\n<li><a href='?page_no=31964'>31964<\/a><\/li>\n\n    \n\t\n\n<li >\n\t<a href='?page_no=30612'>Next<\/a>\n\t<\/li>\n\n\n    \n\n<li><a href='?page_no=31964'>Last &rsaquo;&rsaquo;<\/a><\/li>\n\n<\/ul>\n\n\n--><br \/>\n<\/body><\/p>\n","protected":false},"excerpt":{"rendered":"<p>Por. Roberto Rodr\u00edguez. 12 de Noviembre 2010.-El gobierno de Estados Unidos don\u00f3 a la Rep\u00fablica Dominicana 180 millones de pesos para fortalecer la capacidad de exportaci\u00f3n de productos agropecuarios de Rep\u00fablica Dominicana. De acuerdo a lo explicado por el encargado de negocio de la embajada norteamericana en el pa\u00eds Christopher Lambert programa tiene como prop\u00f3sito [&hellip;]<\/p>\n","protected":false},"author":3,"featured_media":0,"comment_status":"open","ping_status":"open","sticky":false,"template":"","format":"standard","meta":{"footnotes":""},"categories":[24],"tags":[],"class_list":["post-155443","post","type-post","status-publish","format-standard","hentry","category-justicia-y-derecho"],"_links":{"self":[{"href":"https:\/\/diariodominicano.com\/index.php?rest_route=\/wp\/v2\/posts\/155443","targetHints":{"allow":["GET"]}}],"collection":[{"href":"https:\/\/diariodominicano.com\/index.php?rest_route=\/wp\/v2\/posts"}],"about":[{"href":"https:\/\/diariodominicano.com\/index.php?rest_route=\/wp\/v2\/types\/post"}],"author":[{"embeddable":true,"href":"https:\/\/diariodominicano.com\/index.php?rest_route=\/wp\/v2\/users\/3"}],"replies":[{"embeddable":true,"href":"https:\/\/diariodominicano.com\/index.php?rest_route=%2Fwp%2Fv2%2Fcomments&post=155443"}],"version-history":[{"count":0,"href":"https:\/\/diariodominicano.com\/index.php?rest_route=\/wp\/v2\/posts\/155443\/revisions"}],"wp:attachment":[{"href":"https:\/\/diariodominicano.com\/index.php?rest_route=%2Fwp%2Fv2%2Fmedia&parent=155443"}],"wp:term":[{"taxonomy":"category","embeddable":true,"href":"https:\/\/diariodominicano.com\/index.php?rest_route=%2Fwp%2Fv2%2Fcategories&post=155443"},{"taxonomy":"post_tag","embeddable":true,"href":"https:\/\/diariodominicano.com\/index.php?rest_route=%2Fwp%2Fv2%2Ftags&post=155443"}],"curies":[{"name":"wp","href":"https:\/\/api.w.org\/{rel}","templated":true}]}}