{"id":155442,"date":"2010-11-12T20:55:07","date_gmt":"2010-11-12T20:55:07","guid":{"rendered":"http:\/\/diariodominicano.ddns.net\/?p=155442"},"modified":"2010-11-12T20:55:07","modified_gmt":"2010-11-12T20:55:07","slug":"alerta-amarrilla-para-costa-atlantica-por-oleajes","status":"publish","type":"post","link":"https:\/\/diariodominicano.com\/?p=155442","title":{"rendered":"Alerta amarrilla para costa atl\u00e1ntica, por oleajes"},"content":{"rendered":"<p><body><\/p>\n<\/p>\n<p><span class=\"text1noticias\">Santo Domingo.-El Centro de Operaciones de Emergencia (COE) emiti\u00f3  alerta amarilla contra inundaciones para los habitantes de las zonas bajas de la Costa Atl\u00e1ntica.<\/span><\/p>\n<\/p>\n<p><span class=\"text1noticias\">El alerta abarca  especialmente a Saman\u00e1 (El Lim\u00f3n, El Valle, El Rinc\u00f3n de La Galeras, Las galeras, La Majagua de S\u00e1nchez y Las terrenas); Mar\u00eda Trinidad S\u00e1nchez (Matancita, La playita, Boba, La Cenda y Acapulco); Puerto Plata (Playa Oeste, Maim\u00f3n, zonas de los hoteles, Sos\u00faa y Cabarete), Montecristi (Playa Costa Verde) y Espaillat (Magante, Ermita y La Desembocadura).<\/span><\/p>\n<\/p>\n<p><span class=\"text1noticias\">De acuerdo al informe del COE la alerta se produce en consonancia con el bolet\u00edn  de de la Oficina Nacional de Meteorolog\u00eda (ONAMET), el cual establece que  una profunda baja presi\u00f3n contin\u00faa incidiendo en  las condiciones mar\u00edtimas de la Costa Atl\u00e1ntica, ocasionando oleajes peligrosos que pueden alcanzar mareas anormales con rompientes hasta de 12 pies de altura. <\/span><\/p>\n<\/p>\n<p><span class=\"text1noticias\">Recomienda a los habitantes que residen pr\u00f3ximos a las playas y ubicados en las zonas bajas de la Costa Norte tomar las medidas preventivas de lugar contra la probabilidad de penetraciones e inundaciones costeras.<\/span><\/p>\n<\/p>\n<p><span class=\"text1noticias\">Mientras que los que operan fr\u00e1giles, peque\u00f1as y medianas embarcaciones deben permanecerla en puerto y las que realizan sus actividades en la Bah\u00eda de Saman\u00e1, pueden operar cerca de la costa, sin aventurarse mar afuera.<\/span><\/p>\n<\/p>\n<p><span class=\"text1noticias\">Se  proh\u00edbe el uso de las playas, pesca y deportes acu\u00e1ticos en la Costa Atl\u00e1ntica.<\/span><\/p>\n<\/p>\n<h6> 2010-11-12 20:55:07 <\/h6>\n<p><!--\n<link rel=\"stylesheet\" href=\"css\/bootstrap.min.css\">\n\n\n<ul class=\"pagination\">\n\t    \n\t\n\n<li >\n\t<a href='?page_no=30609'>Previous<\/a>\n\t<\/li>\n\n\n       \n    \n\n<li><a href='?page_no=1'>1<\/a><\/li>\n\n\n\n<li><a href='?page_no=2'>2<\/a><\/li>\n\n\n\n<li><a>...<\/a><\/li>\n\n\n\n<li><a href='?page_no=30608'>30608<\/a><\/li>\n\n\n\n<li><a href='?page_no=30609'>30609<\/a><\/li>\n\n\n\n<li class='active'><a>30610<\/a><\/li>\n\n\n\n<li><a href='?page_no=30611'>30611<\/a><\/li>\n\n\n\n<li><a href='?page_no=30612'>30612<\/a><\/li>\n\n\n\n<li><a>...<\/a><\/li>\n\n\n\n<li><a href='?page_no=31963'>31963<\/a><\/li>\n\n\n\n<li><a href='?page_no=31964'>31964<\/a><\/li>\n\n    \n\t\n\n<li >\n\t<a href='?page_no=30611'>Next<\/a>\n\t<\/li>\n\n\n    \n\n<li><a href='?page_no=31964'>Last &rsaquo;&rsaquo;<\/a><\/li>\n\n<\/ul>\n\n\n--><br \/>\n<\/body><\/p>\n","protected":false},"excerpt":{"rendered":"<p>Santo Domingo.-El Centro de Operaciones de Emergencia (COE) emiti\u00f3 alerta amarilla contra inundaciones para los habitantes de las zonas bajas de la Costa Atl\u00e1ntica. El alerta abarca especialmente a Saman\u00e1 (El Lim\u00f3n, El Valle, El Rinc\u00f3n de La Galeras, Las galeras, La Majagua de S\u00e1nchez y Las terrenas); Mar\u00eda Trinidad S\u00e1nchez (Matancita, La playita, Boba, [&hellip;]<\/p>\n","protected":false},"author":3,"featured_media":0,"comment_status":"open","ping_status":"open","sticky":false,"template":"","format":"standard","meta":{"footnotes":""},"categories":[24],"tags":[],"class_list":["post-155442","post","type-post","status-publish","format-standard","hentry","category-justicia-y-derecho"],"_links":{"self":[{"href":"https:\/\/diariodominicano.com\/index.php?rest_route=\/wp\/v2\/posts\/155442","targetHints":{"allow":["GET"]}}],"collection":[{"href":"https:\/\/diariodominicano.com\/index.php?rest_route=\/wp\/v2\/posts"}],"about":[{"href":"https:\/\/diariodominicano.com\/index.php?rest_route=\/wp\/v2\/types\/post"}],"author":[{"embeddable":true,"href":"https:\/\/diariodominicano.com\/index.php?rest_route=\/wp\/v2\/users\/3"}],"replies":[{"embeddable":true,"href":"https:\/\/diariodominicano.com\/index.php?rest_route=%2Fwp%2Fv2%2Fcomments&post=155442"}],"version-history":[{"count":0,"href":"https:\/\/diariodominicano.com\/index.php?rest_route=\/wp\/v2\/posts\/155442\/revisions"}],"wp:attachment":[{"href":"https:\/\/diariodominicano.com\/index.php?rest_route=%2Fwp%2Fv2%2Fmedia&parent=155442"}],"wp:term":[{"taxonomy":"category","embeddable":true,"href":"https:\/\/diariodominicano.com\/index.php?rest_route=%2Fwp%2Fv2%2Fcategories&post=155442"},{"taxonomy":"post_tag","embeddable":true,"href":"https:\/\/diariodominicano.com\/index.php?rest_route=%2Fwp%2Fv2%2Ftags&post=155442"}],"curies":[{"name":"wp","href":"https:\/\/api.w.org\/{rel}","templated":true}]}}