{"id":155441,"date":"2010-11-12T20:59:31","date_gmt":"2010-11-12T20:59:31","guid":{"rendered":"http:\/\/diariodominicano.ddns.net\/?p=155441"},"modified":"2010-11-12T20:59:31","modified_gmt":"2010-11-12T20:59:31","slug":"gobierno-reduce-apropiaciones-presupuestarias-por-dificultades-economicas","status":"publish","type":"post","link":"https:\/\/diariodominicano.com\/?p=155441","title":{"rendered":"Gobierno reduce apropiaciones presupuestarias, por dificultades econ\u00f3micas"},"content":{"rendered":"<p><body><\/p>\n<p><img decoding=\"async\" src=\"http:\/\/localhost:8080\/justiciayderecho\/img3\/palacio nacional.jpg\" \/>  <\/p>\n<p><span class=\"text1noticias\">Santo Domingo.-El ministro de Hacienda dijo este viernes  que el Gobierno enfrenta dificultades grandes que lo ha obligado a reducir las apropiaciones presupuestarias contempladas para inversi\u00f3n p\u00fablica, debido al fuerte ajuste fiscal impuesto por el Fondo Monetario Internacional (FMI), el cual adiciona este a\u00f1o RD$10,400 millones a la recapitalizaci\u00f3n del Banco Central.<\/span><\/p>\n<\/p>\n<p><span class=\"text1noticias\">Dijo  que el Gobierno s\u00f3lo est\u00e1 destinando recursos para el pago de salarios p\u00fablicos, porque se ha visto obligado a reducir toda la inversi\u00f3n p\u00fablica en el \u00faltimo trimestre octubre-diciembre.<\/span><\/p>\n<\/p>\n<p><span class=\"text1noticias\"> Expres\u00f3 que gracias a que las empresas que ejecutan grandes obras como el Corredor Duarte son grandes y han puesto sus recursos y financiamientos no han ido a la calle m\u00e1s de 5,000 obreros de la construcci\u00f3n y se ha logrado un crecimiento de la econom\u00eda de 7.6% en el trimestre.<\/span><\/p>\n<\/p>\n<p><span class=\"text1noticias\"> Precis\u00f3 que en el Presupuesto de Ingresos y Ley de Gastos P\u00fablicos del pr\u00f3ximo a\u00f1o el Gobierno destinar\u00e1 m\u00e1s de RD$37,000 millones para el sector el\u00e9ctrico y la recapitalizaci\u00f3n del Banco Central, para lo cual deber\u00e1 destinar RD$18,500 millones s\u00f3lo a la entidad bancaria.<\/span><\/p>\n<\/p>\n<p><span class=\"text1noticias\">Hacienda celebr\u00f2 este  viernes 12 una serie de actos para conmemorar el 166 aniversario de fundaci\u00f3n de la instituci\u00f3n gubernamental.<\/span><\/p>\n<\/p>\n<p><span class=\"text1noticias\">El Ministerio de Hacienda fue creado el 14 de Noviembre del a\u00f1o 1844, con el nombre de Ministerio de Hacienda y Comercio. Ricardo Miura fue su primer Ministro, durante el 1844 a 1847.<\/span><\/p>\n<\/p>\n<p><span class=\"text1noticias\">El programa de actividades, encabezado por el titular de la cartera, Vicente Bengoa, y la participaci\u00f3n de todo el personal,  inici\u00f3 las 8:00 A.M. con el enhestamiento de la Bandera Nacional en la explanada frontal de la instituci\u00f3n oficial.<\/span><\/p>\n<\/p>\n<p><span class=\"text1noticias\">A las 9 de la ma\u00f1ana fue celebrada una misa de acci\u00f3n de gracias en la iglesia San Juan Bosco del sector del mismo nombre, a donde asistieron funcionarios y empleados de la entidad.<\/span><\/p>\n<\/p>\n<p><span class=\"text1noticias\">Fueron a llevar una Ofrenda Floral  al Altar de la Patria.<\/span><\/p>\n<\/p>\n<h6> 2010-11-12 20:59:31 <\/h6>\n<p><!--\n<link rel=\"stylesheet\" href=\"css\/bootstrap.min.css\">\n\n\n<ul class=\"pagination\">\n\t    \n\t\n\n<li >\n\t<a href='?page_no=30608'>Previous<\/a>\n\t<\/li>\n\n\n       \n    \n\n<li><a href='?page_no=1'>1<\/a><\/li>\n\n\n\n<li><a href='?page_no=2'>2<\/a><\/li>\n\n\n\n<li><a>...<\/a><\/li>\n\n\n\n<li><a href='?page_no=30607'>30607<\/a><\/li>\n\n\n\n<li><a href='?page_no=30608'>30608<\/a><\/li>\n\n\n\n<li class='active'><a>30609<\/a><\/li>\n\n\n\n<li><a href='?page_no=30610'>30610<\/a><\/li>\n\n\n\n<li><a href='?page_no=30611'>30611<\/a><\/li>\n\n\n\n<li><a>...<\/a><\/li>\n\n\n\n<li><a href='?page_no=31963'>31963<\/a><\/li>\n\n\n\n<li><a href='?page_no=31964'>31964<\/a><\/li>\n\n    \n\t\n\n<li >\n\t<a href='?page_no=30610'>Next<\/a>\n\t<\/li>\n\n\n    \n\n<li><a href='?page_no=31964'>Last &rsaquo;&rsaquo;<\/a><\/li>\n\n<\/ul>\n\n\n--><br \/>\n<\/body><\/p>\n","protected":false},"excerpt":{"rendered":"<p>Santo Domingo.-El ministro de Hacienda dijo este viernes que el Gobierno enfrenta dificultades grandes que lo ha obligado a reducir las apropiaciones presupuestarias contempladas para inversi\u00f3n p\u00fablica, debido al fuerte ajuste fiscal impuesto por el Fondo Monetario Internacional (FMI), el cual adiciona este a\u00f1o RD$10,400 millones a la recapitalizaci\u00f3n del Banco Central. Dijo que el [&hellip;]<\/p>\n","protected":false},"author":3,"featured_media":0,"comment_status":"open","ping_status":"open","sticky":false,"template":"","format":"standard","meta":{"footnotes":""},"categories":[24],"tags":[],"class_list":["post-155441","post","type-post","status-publish","format-standard","hentry","category-justicia-y-derecho"],"_links":{"self":[{"href":"https:\/\/diariodominicano.com\/index.php?rest_route=\/wp\/v2\/posts\/155441","targetHints":{"allow":["GET"]}}],"collection":[{"href":"https:\/\/diariodominicano.com\/index.php?rest_route=\/wp\/v2\/posts"}],"about":[{"href":"https:\/\/diariodominicano.com\/index.php?rest_route=\/wp\/v2\/types\/post"}],"author":[{"embeddable":true,"href":"https:\/\/diariodominicano.com\/index.php?rest_route=\/wp\/v2\/users\/3"}],"replies":[{"embeddable":true,"href":"https:\/\/diariodominicano.com\/index.php?rest_route=%2Fwp%2Fv2%2Fcomments&post=155441"}],"version-history":[{"count":0,"href":"https:\/\/diariodominicano.com\/index.php?rest_route=\/wp\/v2\/posts\/155441\/revisions"}],"wp:attachment":[{"href":"https:\/\/diariodominicano.com\/index.php?rest_route=%2Fwp%2Fv2%2Fmedia&parent=155441"}],"wp:term":[{"taxonomy":"category","embeddable":true,"href":"https:\/\/diariodominicano.com\/index.php?rest_route=%2Fwp%2Fv2%2Fcategories&post=155441"},{"taxonomy":"post_tag","embeddable":true,"href":"https:\/\/diariodominicano.com\/index.php?rest_route=%2Fwp%2Fv2%2Ftags&post=155441"}],"curies":[{"name":"wp","href":"https:\/\/api.w.org\/{rel}","templated":true}]}}