{"id":155439,"date":"2010-11-12T21:09:48","date_gmt":"2010-11-12T21:09:48","guid":{"rendered":"http:\/\/diariodominicano.ddns.net\/?p=155439"},"modified":"2010-11-12T21:09:48","modified_gmt":"2010-11-12T21:09:48","slug":"sentencia-caso-paya-sera-el-3-de-diciembre","status":"publish","type":"post","link":"https:\/\/diariodominicano.com\/?p=155439","title":{"rendered":"&#13;&#13;&#13;Sentencia caso Paya ser\u00e1 el 3 de diciembre"},"content":{"rendered":"<p><body><\/p>\n<p><span class=\"text1noticias\">Santo Domingo.-El Tercer Tribunal Colegiado del Distrito emitir\u00e0 el 3 de diciembre  su condena contra los imputados en la matanza de siete colombianos, en la comunidad de Paya, Ban\u00ed.<\/span><\/p>\n<\/p>\n<p><span class=\"text1noticias\">El juzgado tom\u00f3 esa decisi\u00f3n en la audiencia de este viernes.<\/span><\/p>\n<\/p>\n<p><span class=\"text1noticias\">En el juicio varios de los acusados se declararon inocentes de los cargos que se les imputan, entre los que figuran Mayobanex Rodr\u00edguez, Jos\u00e9 Luis Mont\u00e1s Vargas, Luis Lara Mart\u00ednez y Miguel Pe\u00f1a Figueroa.<\/span><\/p>\n<p><span class=\"text1noticias\">Tambi\u00e9n  Redy Manuel Encarnaci\u00f3n, Andr\u00e9s Berroa Mercedesy Escarlet Aristy.<\/span><\/p>\n<\/p>\n<p><span class=\"text1noticias\">El proceso judicial lleva m\u00e1s dos a\u00f1os en los tribunales.<\/span><\/p>\n<\/p>\n<p><span class=\"text1noticias\">En el hecho sangre hay implicados varios miembros de las Fuerzas Armadas del pa\u00eds.<\/span><\/p>\n<\/p>\n<h6> 2010-11-12 21:09:48 <\/h6>\n<p><!--\n<link rel=\"stylesheet\" href=\"css\/bootstrap.min.css\">\n\n\n<ul class=\"pagination\">\n\t    \n\t\n\n<li >\n\t<a href='?page_no=30606'>Previous<\/a>\n\t<\/li>\n\n\n       \n    \n\n<li><a href='?page_no=1'>1<\/a><\/li>\n\n\n\n<li><a href='?page_no=2'>2<\/a><\/li>\n\n\n\n<li><a>...<\/a><\/li>\n\n\n\n<li><a href='?page_no=30605'>30605<\/a><\/li>\n\n\n\n<li><a href='?page_no=30606'>30606<\/a><\/li>\n\n\n\n<li class='active'><a>30607<\/a><\/li>\n\n\n\n<li><a href='?page_no=30608'>30608<\/a><\/li>\n\n\n\n<li><a href='?page_no=30609'>30609<\/a><\/li>\n\n\n\n<li><a>...<\/a><\/li>\n\n\n\n<li><a href='?page_no=31963'>31963<\/a><\/li>\n\n\n\n<li><a href='?page_no=31964'>31964<\/a><\/li>\n\n    \n\t\n\n<li >\n\t<a href='?page_no=30608'>Next<\/a>\n\t<\/li>\n\n\n    \n\n<li><a href='?page_no=31964'>Last &rsaquo;&rsaquo;<\/a><\/li>\n\n<\/ul>\n\n\n--><br \/>\n<\/body><\/p>\n","protected":false},"excerpt":{"rendered":"<p>Santo Domingo.-El Tercer Tribunal Colegiado del Distrito emitir\u00e0 el 3 de diciembre su condena contra los imputados en la matanza de siete colombianos, en la comunidad de Paya, Ban\u00ed. El juzgado tom\u00f3 esa decisi\u00f3n en la audiencia de este viernes. En el juicio varios de los acusados se declararon inocentes de los cargos que se [&hellip;]<\/p>\n","protected":false},"author":3,"featured_media":0,"comment_status":"open","ping_status":"open","sticky":false,"template":"","format":"standard","meta":{"footnotes":""},"categories":[24],"tags":[],"class_list":["post-155439","post","type-post","status-publish","format-standard","hentry","category-justicia-y-derecho"],"_links":{"self":[{"href":"https:\/\/diariodominicano.com\/index.php?rest_route=\/wp\/v2\/posts\/155439","targetHints":{"allow":["GET"]}}],"collection":[{"href":"https:\/\/diariodominicano.com\/index.php?rest_route=\/wp\/v2\/posts"}],"about":[{"href":"https:\/\/diariodominicano.com\/index.php?rest_route=\/wp\/v2\/types\/post"}],"author":[{"embeddable":true,"href":"https:\/\/diariodominicano.com\/index.php?rest_route=\/wp\/v2\/users\/3"}],"replies":[{"embeddable":true,"href":"https:\/\/diariodominicano.com\/index.php?rest_route=%2Fwp%2Fv2%2Fcomments&post=155439"}],"version-history":[{"count":0,"href":"https:\/\/diariodominicano.com\/index.php?rest_route=\/wp\/v2\/posts\/155439\/revisions"}],"wp:attachment":[{"href":"https:\/\/diariodominicano.com\/index.php?rest_route=%2Fwp%2Fv2%2Fmedia&parent=155439"}],"wp:term":[{"taxonomy":"category","embeddable":true,"href":"https:\/\/diariodominicano.com\/index.php?rest_route=%2Fwp%2Fv2%2Fcategories&post=155439"},{"taxonomy":"post_tag","embeddable":true,"href":"https:\/\/diariodominicano.com\/index.php?rest_route=%2Fwp%2Fv2%2Ftags&post=155439"}],"curies":[{"name":"wp","href":"https:\/\/api.w.org\/{rel}","templated":true}]}}